{"id":225774,"date":"2023-07-13T15:29:34","date_gmt":"2023-07-13T15:29:34","guid":{"rendered":"https:\/\/ami.mr\/fr\/?p=225774"},"modified":"2023-07-13T15:29:34","modified_gmt":"2023-07-13T15:29:34","slug":"le-ministre-de-leducation-nationale-recoit-lambassadeur-de-turquie-3","status":"publish","type":"post","link":"https:\/\/ami.mr\/fr\/archives\/225774","title":{"rendered":"Le ministre de l&#8217;\u00c9ducation nationale re\u00e7oit l&#8217;ambassadeur de Turquie"},"content":{"rendered":"<p>Le ministre de l&#8217;\u00c9ducation nationale et de la R\u00e9forme du Syst\u00e8me \u00e9ducatif, M. Moctar Ould Dahi, a re\u00e7u, ce jeudi \u00e0 Nouakchott, SEM. Akif Menifes, ambassadeur de Turquie accr\u00e9dit\u00e9 en Mauritanie.<\/p>\n<p>L&#8217;entretien a port\u00e9 sur le renforcement des relations de coop\u00e9ration entre la Mauritanie et la Turquie et les moyens de les d\u00e9velopper, notamment en mati\u00e8re d&#8217;\u00e9ducation.<\/p>\n<p>La rencontre s&#8217;est d\u00e9roul\u00e9e en pr\u00e9sence d&#8217;un charg\u00e9 de mission, secr\u00e9taire g\u00e9n\u00e9ral du minist\u00e8re, M. Mohamed Mahmoud Ould Lessiad.<\/p>\n","protected":false},"excerpt":{"rendered":"<p>Le ministre de l&#8217;\u00c9ducation nationale et de la R\u00e9forme du Syst\u00e8me \u00e9ducatif, M. Moctar Ould Dahi, a re\u00e7u, ce jeudi \u00e0 Nouakchott, SEM. Akif Menifes, ambassadeur de Turquie accr\u00e9dit\u00e9 en Mauritanie. L&#8217;entretien a port\u00e9 sur le renforcement des relations de coop\u00e9ration entre la Mauritanie et la Turquie et les moyens de les d\u00e9velopper, notamment en [&hellip;]<\/p>\n","protected":false},"author":16,"featured_media":225775,"comment_status":"open","ping_status":"open","sticky":false,"template":"","format":"standard","meta":{"footnotes":""},"categories":[63918,63957,63959],"tags":[],"class_list":["post-225774","post","type-post","status-publish","format-standard","has-post-thumbnail","hentry","category-autres","category-fil-dactualite","category-mauritanie"],"_links":{"self":[{"href":"https:\/\/ami.mr\/fr\/wp-json\/wp\/v2\/posts\/225774","targetHints":{"allow":["GET"]}}],"collection":[{"href":"https:\/\/ami.mr\/fr\/wp-json\/wp\/v2\/posts"}],"about":[{"href":"https:\/\/ami.mr\/fr\/wp-json\/wp\/v2\/types\/post"}],"author":[{"embeddable":true,"href":"https:\/\/ami.mr\/fr\/wp-json\/wp\/v2\/users\/16"}],"replies":[{"embeddable":true,"href":"https:\/\/ami.mr\/fr\/wp-json\/wp\/v2\/comments?post=225774"}],"version-history":[{"count":1,"href":"https:\/\/ami.mr\/fr\/wp-json\/wp\/v2\/posts\/225774\/revisions"}],"predecessor-version":[{"id":225776,"href":"https:\/\/ami.mr\/fr\/wp-json\/wp\/v2\/posts\/225774\/revisions\/225776"}],"wp:featuredmedia":[{"embeddable":true,"href":"https:\/\/ami.mr\/fr\/wp-json\/wp\/v2\/media\/225775"}],"wp:attachment":[{"href":"https:\/\/ami.mr\/fr\/wp-json\/wp\/v2\/media?parent=225774"}],"wp:term":[{"taxonomy":"category","embeddable":true,"href":"https:\/\/ami.mr\/fr\/wp-json\/wp\/v2\/categories?post=225774"},{"taxonomy":"post_tag","embeddable":true,"href":"https:\/\/ami.mr\/fr\/wp-json\/wp\/v2\/tags?post=225774"}],"curies":[{"name":"wp","href":"https:\/\/api.w.org\/{rel}","templated":true}]}}