{"id":225771,"date":"2023-07-13T15:20:40","date_gmt":"2023-07-13T15:20:40","guid":{"rendered":"https:\/\/ami.mr\/fr\/?p=225771"},"modified":"2023-07-13T15:20:40","modified_gmt":"2023-07-13T15:20:40","slug":"le-ministre-de-lhabitat-recoit-lambassadeur-dalgerie","status":"publish","type":"post","link":"https:\/\/ami.mr\/fr\/archives\/225771","title":{"rendered":"Le ministre de l\u2019Habitat re\u00e7oit l\u2019ambassadeur d\u2019Alg\u00e9rie"},"content":{"rendered":"<div class=\"cell auto-size\">\n<div class=\"set-border bd-gray padding10 margin10 no-margin-right no-margin-left \" dir=\"ltr\">\n<p>Le ministre de l&#8217;Habitat, de l&#8217;Urbanisme et de l&#8217;Am\u00e9nagement du Territoire, M. Sidi Ahmed Ould Mohamed, s&#8217;est entretenu hier, mercredi \u00e0 Nouakchott, avec SEM. Mohamed Benatou, ambassadeur d&#8217;Alg\u00e9rie accr\u00e9dit\u00e9 en Mauritanie.<\/p>\n<p>La rencontre a port\u00e9 sur les relations de coop\u00e9ration existantes entre les deux pays fr\u00e8res, notamment dans le domaine de l&#8217;habitat, de l&#8217;urbanisme.<\/p>\n<p>Les entretiens se sont d\u00e9roul\u00e9s en pr\u00e9sence du secr\u00e9taire g\u00e9n\u00e9ral du minist\u00e8re, M. Sid\u2019Ahmed Ould Bennane, et du directeur-adjoint des \u00e9tudes, de la programmation et de la coop\u00e9ration du m\u00eame minist\u00e8re, M. Salem Ould Amer.<\/p>\n<\/div>\n<\/div>\n","protected":false},"excerpt":{"rendered":"<p>Le ministre de l&#8217;Habitat, de l&#8217;Urbanisme et de l&#8217;Am\u00e9nagement du Territoire, M. Sidi Ahmed Ould Mohamed, s&#8217;est entretenu hier, mercredi \u00e0 Nouakchott, avec SEM. Mohamed Benatou, ambassadeur d&#8217;Alg\u00e9rie accr\u00e9dit\u00e9 en Mauritanie. La rencontre a port\u00e9 sur les relations de coop\u00e9ration existantes entre les deux pays fr\u00e8res, notamment dans le domaine de l&#8217;habitat, de l&#8217;urbanisme. Les [&hellip;]<\/p>\n","protected":false},"author":16,"featured_media":225772,"comment_status":"open","ping_status":"open","sticky":false,"template":"","format":"standard","meta":{"footnotes":""},"categories":[63918,63957,63959],"tags":[],"class_list":["post-225771","post","type-post","status-publish","format-standard","has-post-thumbnail","hentry","category-autres","category-fil-dactualite","category-mauritanie"],"_links":{"self":[{"href":"https:\/\/ami.mr\/fr\/wp-json\/wp\/v2\/posts\/225771","targetHints":{"allow":["GET"]}}],"collection":[{"href":"https:\/\/ami.mr\/fr\/wp-json\/wp\/v2\/posts"}],"about":[{"href":"https:\/\/ami.mr\/fr\/wp-json\/wp\/v2\/types\/post"}],"author":[{"embeddable":true,"href":"https:\/\/ami.mr\/fr\/wp-json\/wp\/v2\/users\/16"}],"replies":[{"embeddable":true,"href":"https:\/\/ami.mr\/fr\/wp-json\/wp\/v2\/comments?post=225771"}],"version-history":[{"count":1,"href":"https:\/\/ami.mr\/fr\/wp-json\/wp\/v2\/posts\/225771\/revisions"}],"predecessor-version":[{"id":225773,"href":"https:\/\/ami.mr\/fr\/wp-json\/wp\/v2\/posts\/225771\/revisions\/225773"}],"wp:featuredmedia":[{"embeddable":true,"href":"https:\/\/ami.mr\/fr\/wp-json\/wp\/v2\/media\/225772"}],"wp:attachment":[{"href":"https:\/\/ami.mr\/fr\/wp-json\/wp\/v2\/media?parent=225771"}],"wp:term":[{"taxonomy":"category","embeddable":true,"href":"https:\/\/ami.mr\/fr\/wp-json\/wp\/v2\/categories?post=225771"},{"taxonomy":"post_tag","embeddable":true,"href":"https:\/\/ami.mr\/fr\/wp-json\/wp\/v2\/tags?post=225771"}],"curies":[{"name":"wp","href":"https:\/\/api.w.org\/{rel}","templated":true}]}}