{"id":225758,"date":"2023-07-13T11:44:22","date_gmt":"2023-07-13T11:44:22","guid":{"rendered":"https:\/\/ami.mr\/fr\/?p=225758"},"modified":"2023-07-13T11:44:22","modified_gmt":"2023-07-13T11:44:22","slug":"la-commission-des-finances-de-lassemblee-nationale-examine-le-projet-de-loi-de-finances-rectificative-pour-lannee-2023","status":"publish","type":"post","link":"https:\/\/ami.mr\/fr\/archives\/225758","title":{"rendered":"La commission des finances de l\u2019Assembl\u00e9e nationale examine le projet de loi de finances rectificative pour l&#8217;ann\u00e9e 2023"},"content":{"rendered":"<div class=\"cell auto-size\">\n<div class=\"set-border bd-gray padding10 margin10 no-margin-right no-margin-left \" dir=\"ltr\">\n<p>La commission des finances de l&#8217;Assembl\u00e9e nationale a consacr\u00e9 la s\u00e9ance qu&#8217;elle a tenue ce jeudi sous la pr\u00e9sidence de M. Moustapha Sidi Hammoud, pr\u00e9sident de la commission, \u00e0 l&#8217;examen du projet de loi de finances rectificative pour l&#8217;ann\u00e9e 2023.<\/p>\n<p>Au cours de la r\u00e9union, la commission a suivi une pr\u00e9sentation faite par le ministre des Finances, M. Isselmou Ould Mohamed Mbadi, dans laquelle il a pass\u00e9 en revue les dispositions fondamentales du projet de loi, soulignant les modifications apport\u00e9es au budget initial.<\/p>\n<p>&nbsp;<\/p>\n<\/div>\n<\/div>\n","protected":false},"excerpt":{"rendered":"<p>La commission des finances de l&#8217;Assembl\u00e9e nationale a consacr\u00e9 la s\u00e9ance qu&#8217;elle a tenue ce jeudi sous la pr\u00e9sidence de M. Moustapha Sidi Hammoud, pr\u00e9sident de la commission, \u00e0 l&#8217;examen du projet de loi de finances rectificative pour l&#8217;ann\u00e9e 2023. Au cours de la r\u00e9union, la commission a suivi une pr\u00e9sentation faite par le ministre [&hellip;]<\/p>\n","protected":false},"author":16,"featured_media":225759,"comment_status":"open","ping_status":"open","sticky":false,"template":"","format":"standard","meta":{"footnotes":""},"categories":[63918,63957,63959],"tags":[],"class_list":["post-225758","post","type-post","status-publish","format-standard","has-post-thumbnail","hentry","category-autres","category-fil-dactualite","category-mauritanie"],"_links":{"self":[{"href":"https:\/\/ami.mr\/fr\/wp-json\/wp\/v2\/posts\/225758","targetHints":{"allow":["GET"]}}],"collection":[{"href":"https:\/\/ami.mr\/fr\/wp-json\/wp\/v2\/posts"}],"about":[{"href":"https:\/\/ami.mr\/fr\/wp-json\/wp\/v2\/types\/post"}],"author":[{"embeddable":true,"href":"https:\/\/ami.mr\/fr\/wp-json\/wp\/v2\/users\/16"}],"replies":[{"embeddable":true,"href":"https:\/\/ami.mr\/fr\/wp-json\/wp\/v2\/comments?post=225758"}],"version-history":[{"count":1,"href":"https:\/\/ami.mr\/fr\/wp-json\/wp\/v2\/posts\/225758\/revisions"}],"predecessor-version":[{"id":225760,"href":"https:\/\/ami.mr\/fr\/wp-json\/wp\/v2\/posts\/225758\/revisions\/225760"}],"wp:featuredmedia":[{"embeddable":true,"href":"https:\/\/ami.mr\/fr\/wp-json\/wp\/v2\/media\/225759"}],"wp:attachment":[{"href":"https:\/\/ami.mr\/fr\/wp-json\/wp\/v2\/media?parent=225758"}],"wp:term":[{"taxonomy":"category","embeddable":true,"href":"https:\/\/ami.mr\/fr\/wp-json\/wp\/v2\/categories?post=225758"},{"taxonomy":"post_tag","embeddable":true,"href":"https:\/\/ami.mr\/fr\/wp-json\/wp\/v2\/tags?post=225758"}],"curies":[{"name":"wp","href":"https:\/\/api.w.org\/{rel}","templated":true}]}}