{"id":225638,"date":"2023-07-11T22:22:23","date_gmt":"2023-07-11T22:22:23","guid":{"rendered":"https:\/\/ami.mr\/fr\/?p=225638"},"modified":"2023-07-11T22:22:23","modified_gmt":"2023-07-11T22:22:23","slug":"session-de-formation-a-rosso-pour-integrer-letat-civil-dans-le-programme-el-mouhassil","status":"publish","type":"post","link":"https:\/\/ami.mr\/fr\/archives\/225638","title":{"rendered":"Session de formation \u00e0 Rosso pour int\u00e9grer l&#8217;\u00e9tat civil dans le programme \u2018\u2019El Mouhassil\u2019\u2019"},"content":{"rendered":"<p>La commune de Rosso a organis\u00e9 mardi, une formation sur le processus d&#8217;int\u00e9gration de l&#8217;\u00e9tat civil dans le programme \u2019El Mouhassil\u2019\u2019 (le percepteur), sous la supervision du wali mou\u00e7aid du Trarza, M. Mohamed Vall Ould Mohamed Mahmoud.<\/p>\n<p>Le maire de la Commune de Rosso, M. Bamba Ould Dermane, a expliqu\u00e9 que le but de la session est d&#8217;am\u00e9liorer les services de la commune afin qu&#8217;ils soient ex\u00e9cut\u00e9s de mani\u00e8re transparente, honn\u00eate, rationnelle, rapide et accessible avec des tarifs fixes.<\/p>\n<p>Le consultant encadrant la session, M. Youssef Ould Sidi Ali, a expliqu\u00e9 que ce cours intervient en application du d\u00e9cret relatif aux actes d&#8217;\u00e9tat civil \u00e9dict\u00e9 par le minist\u00e8re de l&#8217;Int\u00e9rieur et de la D\u00e9centralisation et de leur s\u00e9curisation au niveau national.<\/p>\n<p>Il a ajout\u00e9 que cette op\u00e9ration est d&#8217;une grande importance pour la population, car elle permettra d&#8217;obtenir des papiers d\u2019\u00e9tat civil cr\u00e9dibles qui r\u00e9pondent aux normes internationales et s\u00e9curisera en outre, les revenus municipaux dans le cadre du programme de collecte et de centralisation des revenus municipaux, ainsi que la lutte contre les faussaires en mati\u00e8re d\u2019identit\u00e9.<\/p>\n<p>La session a \u00e9t\u00e9 ouverte en pr\u00e9sence du hakem de la moughataa de Rosso, M. Ahmed Ould Mohamed Abderrahmane Ould Elemine.<\/p>\n<p>&nbsp;<\/p>\n<p>&nbsp;<\/p>\n","protected":false},"excerpt":{"rendered":"<p>La commune de Rosso a organis\u00e9 mardi, une formation sur le processus d&#8217;int\u00e9gration de l&#8217;\u00e9tat civil dans le programme \u2019El Mouhassil\u2019\u2019 (le percepteur), sous la supervision du wali mou\u00e7aid du Trarza, M. Mohamed Vall Ould Mohamed Mahmoud. Le maire de la Commune de Rosso, M. Bamba Ould Dermane, a expliqu\u00e9 que le but de la [&hellip;]<\/p>\n","protected":false},"author":13,"featured_media":225640,"comment_status":"open","ping_status":"open","sticky":false,"template":"","format":"standard","meta":{"footnotes":""},"categories":[63918,63919,63957,63923,8672],"tags":[],"class_list":["post-225638","post","type-post","status-publish","format-standard","has-post-thumbnail","hentry","category-autres","category-choix-du-redacteur","category-fil-dactualite","category-slider-wilayas","category-8672"],"_links":{"self":[{"href":"https:\/\/ami.mr\/fr\/wp-json\/wp\/v2\/posts\/225638","targetHints":{"allow":["GET"]}}],"collection":[{"href":"https:\/\/ami.mr\/fr\/wp-json\/wp\/v2\/posts"}],"about":[{"href":"https:\/\/ami.mr\/fr\/wp-json\/wp\/v2\/types\/post"}],"author":[{"embeddable":true,"href":"https:\/\/ami.mr\/fr\/wp-json\/wp\/v2\/users\/13"}],"replies":[{"embeddable":true,"href":"https:\/\/ami.mr\/fr\/wp-json\/wp\/v2\/comments?post=225638"}],"version-history":[{"count":1,"href":"https:\/\/ami.mr\/fr\/wp-json\/wp\/v2\/posts\/225638\/revisions"}],"predecessor-version":[{"id":225641,"href":"https:\/\/ami.mr\/fr\/wp-json\/wp\/v2\/posts\/225638\/revisions\/225641"}],"wp:featuredmedia":[{"embeddable":true,"href":"https:\/\/ami.mr\/fr\/wp-json\/wp\/v2\/media\/225640"}],"wp:attachment":[{"href":"https:\/\/ami.mr\/fr\/wp-json\/wp\/v2\/media?parent=225638"}],"wp:term":[{"taxonomy":"category","embeddable":true,"href":"https:\/\/ami.mr\/fr\/wp-json\/wp\/v2\/categories?post=225638"},{"taxonomy":"post_tag","embeddable":true,"href":"https:\/\/ami.mr\/fr\/wp-json\/wp\/v2\/tags?post=225638"}],"curies":[{"name":"wp","href":"https:\/\/api.w.org\/{rel}","templated":true}]}}