{"id":225609,"date":"2023-07-11T20:46:39","date_gmt":"2023-07-11T20:46:39","guid":{"rendered":"https:\/\/ami.mr\/fr\/?p=225609"},"modified":"2023-07-11T20:46:39","modified_gmt":"2023-07-11T20:46:39","slug":"le-president-de-la-hapa-recoit-une-delegation-de-loif","status":"publish","type":"post","link":"https:\/\/ami.mr\/fr\/archives\/225609","title":{"rendered":"Le Pr\u00e9sident de la HAPA re\u00e7oit une d\u00e9l\u00e9gation de L&#8217;OiF"},"content":{"rendered":"<div class=\"cell auto-size\">\n<div class=\"set-border bd-gray padding10 margin10 no-margin-right no-margin-left \" dir=\"ltr\">\n<p>Le Pr\u00e9sident de la Haute Autorit\u00e9 de la Presse et de l\u2019Audiovoisuel (HAPA), M. Houssein Ould Meddou a re\u00e7u mardi en audience au si\u00e8ge de la HAPA une d\u00e9l\u00e9gation de l&#8217;Organisation Internationale de la Francophonie (OIF) conduite par l&#8217;ambassadeur Emmanuel Adjovi, Repr\u00e9sentant r\u00e9gional de L&#8217;OIF aupr\u00e8s des Cara\u00efbes et de l&#8217;Am\u00e9rique latine, charg\u00e9 par la secr\u00e9taire g\u00e9n\u00e9rale de la Francophonie de la coordination du projet &#8220;Radio jeunesse Sahel&#8221;.<\/p>\n<p>Au cours de cette rencontre M. Emmanuel Adjovi a fait le point sur l&#8217;\u00e9volution de la mise en place de cette radio et a salu\u00e9 la disponibilit\u00e9 des autorit\u00e9s mauritaniennes.<\/p>\n<p>Le pr\u00e9sident de la HAPA a fait un expos\u00e9 sur l&#8217;accompagnement par la HAPA du projet Radio Jeunesse Sahel, son appui \u00e0 ce projet relevant au passage le r\u00f4le de la HAPA ainsi que les nouvelles r\u00e9formes intervenues pour le renforcement et l&#8217;\u00e9largissement de cette institution.<\/p>\n<p>Au terme de la r\u00e9union, la d\u00e9l\u00e9gation de l&#8217;OIF a visit\u00e9 le centre d\u2019observation o\u00f9 elle a re\u00e7u des explications d\u00e9taill\u00e9es sur le fonctionnement de ce centre.<\/p>\n<p>Ont assist\u00e9 \u00e0 l&#8217;entretien, outre l&#8217;ambassadeur Emmanuel Adjovi, M. Kanel Ngolou, sp\u00e9cialiste programme du projet radio Jeunesse Sahel, et Mme Raja abeidy chef service informatique du G5 Sahel.<\/p>\n<p>Du c\u00f4t\u00e9 de la HAPA, on notait la pr\u00e9sence de deux conseillers Sy Mamoudou Et Sid Ahmed Mohamdy.<\/p>\n<\/div>\n<\/div>\n","protected":false},"excerpt":{"rendered":"<p>Le Pr\u00e9sident de la Haute Autorit\u00e9 de la Presse et de l\u2019Audiovoisuel (HAPA), M. Houssein Ould Meddou a re\u00e7u mardi en audience au si\u00e8ge de la HAPA une d\u00e9l\u00e9gation de l&#8217;Organisation Internationale de la Francophonie (OIF) conduite par l&#8217;ambassadeur Emmanuel Adjovi, Repr\u00e9sentant r\u00e9gional de L&#8217;OIF aupr\u00e8s des Cara\u00efbes et de l&#8217;Am\u00e9rique latine, charg\u00e9 par la [&hellip;]<\/p>\n","protected":false},"author":13,"featured_media":225610,"comment_status":"open","ping_status":"open","sticky":false,"template":"","format":"standard","meta":{"footnotes":""},"categories":[63918,63919,63957],"tags":[63994],"class_list":["post-225609","post","type-post","status-publish","format-standard","has-post-thumbnail","hentry","category-autres","category-choix-du-redacteur","category-fil-dactualite","tag-presse"],"_links":{"self":[{"href":"https:\/\/ami.mr\/fr\/wp-json\/wp\/v2\/posts\/225609","targetHints":{"allow":["GET"]}}],"collection":[{"href":"https:\/\/ami.mr\/fr\/wp-json\/wp\/v2\/posts"}],"about":[{"href":"https:\/\/ami.mr\/fr\/wp-json\/wp\/v2\/types\/post"}],"author":[{"embeddable":true,"href":"https:\/\/ami.mr\/fr\/wp-json\/wp\/v2\/users\/13"}],"replies":[{"embeddable":true,"href":"https:\/\/ami.mr\/fr\/wp-json\/wp\/v2\/comments?post=225609"}],"version-history":[{"count":1,"href":"https:\/\/ami.mr\/fr\/wp-json\/wp\/v2\/posts\/225609\/revisions"}],"predecessor-version":[{"id":225611,"href":"https:\/\/ami.mr\/fr\/wp-json\/wp\/v2\/posts\/225609\/revisions\/225611"}],"wp:featuredmedia":[{"embeddable":true,"href":"https:\/\/ami.mr\/fr\/wp-json\/wp\/v2\/media\/225610"}],"wp:attachment":[{"href":"https:\/\/ami.mr\/fr\/wp-json\/wp\/v2\/media?parent=225609"}],"wp:term":[{"taxonomy":"category","embeddable":true,"href":"https:\/\/ami.mr\/fr\/wp-json\/wp\/v2\/categories?post=225609"},{"taxonomy":"post_tag","embeddable":true,"href":"https:\/\/ami.mr\/fr\/wp-json\/wp\/v2\/tags?post=225609"}],"curies":[{"name":"wp","href":"https:\/\/api.w.org\/{rel}","templated":true}]}}