{"id":225601,"date":"2023-07-11T21:45:50","date_gmt":"2023-07-11T21:45:50","guid":{"rendered":"https:\/\/ami.mr\/fr\/?p=225601"},"modified":"2023-07-11T21:57:07","modified_gmt":"2023-07-11T21:57:07","slug":"deploiement-des-missions-pour-lenregistrement-des-citoyens-non-inscrits-sur-le-registre-de-la-population","status":"publish","type":"post","link":"https:\/\/ami.mr\/fr\/archives\/225601","title":{"rendered":"D\u00e9ploiement des missions pour l\u2019enregistrement des citoyens non-inscrits sur le registre de la population"},"content":{"rendered":"<p>Le ministre de l\u2019Int\u00e9rieur et de la D\u00e9centralisation, Mohamed Ahmed Ould Mohamed Lamine, a supervis\u00e9, mardi au si\u00e8ge de l\u2019Agence nationale du Registre de la Population et des Titres s\u00e9curis\u00e9s \u00e0 Nouakchott(ANRPTS), l\u2019envoi des missions charg\u00e9es d\u2019enregistrer les citoyens non-inscrits sur le Registre national biom\u00e9trique de la population.<\/p>\n<p>D\u2019une dur\u00e9e de six mois, cette campagne intensive vient compl\u00e9ter le processus de recensement des citoyens avant le 31 d\u00e9cembre 2023, et ce \u00e0 travers la simplification des proc\u00e9dures et le rapprochement du service des citoyens des municipalit\u00e9s rurales qui ne sont pas connect\u00e9es au r\u00e9seau.<\/p>\n<p>Dans la phase actuelle, l\u2019op\u00e9ration permettre l\u2019offre du service d\u2019inscription sur le registre de l\u2019 ANRPTS dans 106 communes d\u00e9pourvues des centres d\u2019\u00e9tat-civil dans les wilaya du Hodh Charghi, du Hodh El Gharbi, de l\u2019Assaba, du Gorgol, du Brakna et du Guidimakha. L\u2019ANRPTS proc\u00e9dera, graduellement, \u00e0 l\u2019offre de ce service dans le reste des communes priv\u00e9es des structures d\u2019\u00e9tat-civil dans toutes les wilayas du pays.<\/p>\n<p>S\u2019exprimant \u00e0 cette occasion, le ministre de l\u2019Int\u00e9rieur et de la D\u00e9centralisation a soulign\u00e9 que cette campagne nationale intervient en application des instructions de Son Excellence le Pr\u00e9sident de la R\u00e9publique, Monsieur Mohamed Ould Cheikh Ghazouani, visant \u00e0 inscrire tous les citoyens qui ne l\u2019ont pas \u00e9t\u00e9 sur Registre national de la population. \u00ab Il s\u2019agit, aussi, r\u00e9soudre tous les probl\u00e8mes des citoyens de mani\u00e8re souple et respectueuse, et ce dans le cadre de la politique de rapprochement de service public du citoyen \u00bb.<\/p>\n<p>Au sujet de l\u2019importance des actes d\u2019\u00e9tat-civil, le ministre a d\u00e9clar\u00e9 que l\u2019obtention de l\u2019\u00e9tat civil est une condition pr\u00e9alable \u00e0 l\u2019acquisition d\u2019autres services, soulignant que toute famille avec des enfants non enregistr\u00e9s ne peuvent pas aller \u00e0 l\u2019\u00e9cole, et que tout citoyen non enregistr\u00e9 ne peut pas voyager ou faire des transactions.<\/p>\n<p>\u00ab Outre les staffs de l\u2019ANRPTS, l\u2019op\u00e9ration sera supervis\u00e9e par des comit\u00e9s constitu\u00e9s des autorit\u00e9s judiciaires et s\u00e9curitaires et des \u00e9lus \u00bb, note Ould Mohamed Lemine.<\/p>\n<p>A l\u2019endroit des citoyens, le ministre de l\u2019int\u00e9rieur les a exhort\u00e9 a accord\u00e9 \u00e0 l\u2019op\u00e9ration tout l\u2019int\u00e9r\u00eat qu\u2019elle m\u00e9rite, et faire tout pour que les citoyens cibl\u00e9s puissent avoir acc\u00e8s au registre national biom\u00e9trique de mani\u00e8re souple et accessible, et not\u00e9 que la campagne, une fois achev\u00e9e, sera sold\u00e9e par la fermeture du Registre national de la population et des titres s\u00e9curis\u00e9s d\u2019ici la fin de cette ann\u00e9e, et que son ouverture sera exclusive aux nouveau-n\u00e9s.<\/p>\n<p>\u00ab L\u2019ANRPTS a pris toutes les dispositions techniques, financi\u00e8res et logistiques, \u00e0 travers l\u2019arr\u00eat\u00e9 \u00e9mis par le minist\u00e8re et les circulaires adress\u00e9es aux autorit\u00e9s administratives et aux comit\u00e9s r\u00e9gionaux charg\u00e9s de superviser et d\u2019encadrer ce processus \u00bb, a conclu le ministre de l\u2019Int\u00e9rieur et de la D\u00e9centralisation.<\/p>\n<p><img decoding=\"async\" class=\"alignleft\" src=\"https:\/\/www.ami.mr\/wp-content\/uploads\/2023\/07\/AI8A3251-300x200.jpg\" \/><\/p>\n<p>&nbsp;<\/p>\n<p>&nbsp;<\/p>\n<p>&nbsp;<\/p>\n<p>&nbsp;<\/p>\n","protected":false},"excerpt":{"rendered":"<p>Le ministre de l\u2019Int\u00e9rieur et de la D\u00e9centralisation, Mohamed Ahmed Ould Mohamed Lamine, a supervis\u00e9, mardi au si\u00e8ge de l\u2019Agence nationale du Registre de la Population et des Titres s\u00e9curis\u00e9s \u00e0 Nouakchott(ANRPTS), l\u2019envoi des missions charg\u00e9es d\u2019enregistrer les citoyens non-inscrits sur le Registre national biom\u00e9trique de la population. D\u2019une dur\u00e9e de six mois, cette campagne [&hellip;]<\/p>\n","protected":false},"author":13,"featured_media":225602,"comment_status":"open","ping_status":"open","sticky":false,"template":"","format":"standard","meta":{"footnotes":""},"categories":[63920,63919,63957,63959,63927],"tags":[],"class_list":["post-225601","post","type-post","status-publish","format-standard","has-post-thumbnail","hentry","category-a-la-une","category-choix-du-redacteur","category-fil-dactualite","category-mauritanie","category-slider-mauritanie"],"_links":{"self":[{"href":"https:\/\/ami.mr\/fr\/wp-json\/wp\/v2\/posts\/225601","targetHints":{"allow":["GET"]}}],"collection":[{"href":"https:\/\/ami.mr\/fr\/wp-json\/wp\/v2\/posts"}],"about":[{"href":"https:\/\/ami.mr\/fr\/wp-json\/wp\/v2\/types\/post"}],"author":[{"embeddable":true,"href":"https:\/\/ami.mr\/fr\/wp-json\/wp\/v2\/users\/13"}],"replies":[{"embeddable":true,"href":"https:\/\/ami.mr\/fr\/wp-json\/wp\/v2\/comments?post=225601"}],"version-history":[{"count":3,"href":"https:\/\/ami.mr\/fr\/wp-json\/wp\/v2\/posts\/225601\/revisions"}],"predecessor-version":[{"id":225626,"href":"https:\/\/ami.mr\/fr\/wp-json\/wp\/v2\/posts\/225601\/revisions\/225626"}],"wp:featuredmedia":[{"embeddable":true,"href":"https:\/\/ami.mr\/fr\/wp-json\/wp\/v2\/media\/225602"}],"wp:attachment":[{"href":"https:\/\/ami.mr\/fr\/wp-json\/wp\/v2\/media?parent=225601"}],"wp:term":[{"taxonomy":"category","embeddable":true,"href":"https:\/\/ami.mr\/fr\/wp-json\/wp\/v2\/categories?post=225601"},{"taxonomy":"post_tag","embeddable":true,"href":"https:\/\/ami.mr\/fr\/wp-json\/wp\/v2\/tags?post=225601"}],"curies":[{"name":"wp","href":"https:\/\/api.w.org\/{rel}","templated":true}]}}