{"id":225474,"date":"2023-07-10T17:56:17","date_gmt":"2023-07-10T17:56:17","guid":{"rendered":"https:\/\/ami.mr\/fr\/?p=225474"},"modified":"2023-07-10T17:56:17","modified_gmt":"2023-07-10T17:56:17","slug":"le-president-de-la-republique-recoit-une-delegation-de-la-republique-federale-dallemagne","status":"publish","type":"post","link":"https:\/\/ami.mr\/fr\/archives\/225474","title":{"rendered":"Le Pr\u00e9sident de la R\u00e9publique re\u00e7oit une d\u00e9l\u00e9gation de la R\u00e9publique f\u00e9d\u00e9rale d\u2019Allemagne"},"content":{"rendered":"<div class=\"row\"><\/div>\n<div class=\"row\">\n<div class=\"cell auto-size\">\n<div class=\"set-border bd-gray padding10 margin10 no-margin-right no-margin-left \" dir=\"ltr\">\n<p>Son Excellence le Pr\u00e9sident de la R\u00e9publique, M. Mohamed Ould Cheikh El Ghazouani, a re\u00e7u en audience, ce lundi au Palais pr\u00e9sidentiel \u00e0 Nouakchott, une d\u00e9l\u00e9gation de la R\u00e9publique f\u00e9d\u00e9rale d&#8217;Allemagne conduite par la ministre f\u00e9d\u00e9rale de la Coop\u00e9ration \u00e9conomique et du D\u00e9veloppement, Mme Svenja Schulze.<\/p>\n<p>L\u2019audience a \u00e9t\u00e9 l\u2019occasion d\u2019aborder les domaines de coop\u00e9ration entre les deux pays amis et les moyens de renforcer la coop\u00e9ration et de l\u2019\u00e9largir au service des int\u00e9r\u00eats mutuels, en plus de l\u2019examen des questions d&#8217;int\u00e9r\u00eat commun, en particulier la situation dans la r\u00e9gion du Sahel.<\/p>\n<p>A sa sortie de l\u2019audience, la responsable allemande a fait une d\u00e9claration \u00e0 l&#8217;Agence Mauritanienne d\u2019Information, dans laquelle elle a exprim\u00e9 sa joie de se trouver en Mauritanie, pays qu\u2019elle consid\u00e8re \u00ab un facteur cl\u00e9 et un gage de stabilit\u00e9 dans la r\u00e9gion du Sahel \u00bb.<\/p>\n<p>Elle a ajout\u00e9 que la Mauritanie a d\u00e9ploie et continue de d\u00e9ployer des efforts consid\u00e9rables dans la lutte contre la pauvret\u00e9 et le changement climatique, rappelant les capacit\u00e9s dont dispose le pays dans le domaine \u00e9conomique.<\/p>\n<p>Elle a r\u00e9v\u00e9l\u00e9 s\u2019\u00eatre entretenu avec le pr\u00e9sident de la R\u00e9publique sur les moyens d&#8217;approfondissement et d&#8217;\u00e9largissement de la coop\u00e9ration avec la Mauritanie qui joue un r\u00f4le pionnier et constructif au Sahel et apporte une contribution significative \u00e0 la promotion de la paix dans la r\u00e9gion.<\/p>\n<p>La ministre allemande a d\u00e9clar\u00e9 que l&#8217;Alliance pour le Sahel est une association centrale internationale qui comprend 18 membres, dont l&#8217;Allemagne, la Banque mondiale, la France, l&#8217;Espagne et l&#8217;Union europ\u00e9enne, avant de pr\u00e9ciser avoir commenc\u00e9 sa visite en Mauritanie parce qu&#8217;elle consid\u00e8re que c&#8217;est un partenaire fiable capable d\u2019impulser une v\u00e9ritable dynamique de changement dans la r\u00e9gion.<\/p>\n<p>L\u2019audience s\u2019est d\u00e9roul\u00e9e en pr\u00e9sence du ministre en charge du Cabinet de la Pr\u00e9sidence de la R\u00e9publique, M. Mokhtar Ould Diay, du ministre de l&#8217;Economie et du D\u00e9veloppement durable, M. Abdessalam Ould Mohamed Saleh, de l&#8217;ambassadeur de Mauritanie accr\u00e9dit\u00e9 aupr\u00e8s de la R\u00e9publique F\u00e9d\u00e9rale d&#8217;Allemagne, M. Mohamed Mahmoud Ould Brahim Khlil, de M. Haroune Traour\u00e9, charg\u00e9 de mission \u00e0 la Pr\u00e9sidence de la R\u00e9publique, et de l&#8217;ambassadeur d&#8217;Allemagne accr\u00e9dit\u00e9 en Mauritanie, SE Mme Isabelle Henine, en plus des membres de la d\u00e9l\u00e9gation accompagnant la ministre allemande.<\/p>\n<\/div>\n<\/div>\n<\/div>\n","protected":false},"excerpt":{"rendered":"<p>Son Excellence le Pr\u00e9sident de la R\u00e9publique, M. Mohamed Ould Cheikh El Ghazouani, a re\u00e7u en audience, ce lundi au Palais pr\u00e9sidentiel \u00e0 Nouakchott, une d\u00e9l\u00e9gation de la R\u00e9publique f\u00e9d\u00e9rale d&#8217;Allemagne conduite par la ministre f\u00e9d\u00e9rale de la Coop\u00e9ration \u00e9conomique et du D\u00e9veloppement, Mme Svenja Schulze. L\u2019audience a \u00e9t\u00e9 l\u2019occasion d\u2019aborder les domaines de coop\u00e9ration [&hellip;]<\/p>\n","protected":false},"author":18,"featured_media":225475,"comment_status":"open","ping_status":"open","sticky":false,"template":"","format":"standard","meta":{"footnotes":""},"categories":[63918,63919,63957],"tags":[],"class_list":["post-225474","post","type-post","status-publish","format-standard","has-post-thumbnail","hentry","category-autres","category-choix-du-redacteur","category-fil-dactualite"],"_links":{"self":[{"href":"https:\/\/ami.mr\/fr\/wp-json\/wp\/v2\/posts\/225474","targetHints":{"allow":["GET"]}}],"collection":[{"href":"https:\/\/ami.mr\/fr\/wp-json\/wp\/v2\/posts"}],"about":[{"href":"https:\/\/ami.mr\/fr\/wp-json\/wp\/v2\/types\/post"}],"author":[{"embeddable":true,"href":"https:\/\/ami.mr\/fr\/wp-json\/wp\/v2\/users\/18"}],"replies":[{"embeddable":true,"href":"https:\/\/ami.mr\/fr\/wp-json\/wp\/v2\/comments?post=225474"}],"version-history":[{"count":1,"href":"https:\/\/ami.mr\/fr\/wp-json\/wp\/v2\/posts\/225474\/revisions"}],"predecessor-version":[{"id":225476,"href":"https:\/\/ami.mr\/fr\/wp-json\/wp\/v2\/posts\/225474\/revisions\/225476"}],"wp:featuredmedia":[{"embeddable":true,"href":"https:\/\/ami.mr\/fr\/wp-json\/wp\/v2\/media\/225475"}],"wp:attachment":[{"href":"https:\/\/ami.mr\/fr\/wp-json\/wp\/v2\/media?parent=225474"}],"wp:term":[{"taxonomy":"category","embeddable":true,"href":"https:\/\/ami.mr\/fr\/wp-json\/wp\/v2\/categories?post=225474"},{"taxonomy":"post_tag","embeddable":true,"href":"https:\/\/ami.mr\/fr\/wp-json\/wp\/v2\/tags?post=225474"}],"curies":[{"name":"wp","href":"https:\/\/api.w.org\/{rel}","templated":true}]}}