{"id":224491,"date":"2023-06-23T20:26:56","date_gmt":"2023-06-23T20:26:56","guid":{"rendered":"https:\/\/ami.mr\/fr\/?p=224491"},"modified":"2023-06-23T20:26:56","modified_gmt":"2023-06-23T20:26:56","slug":"la-ministre-de-laction-sociale-supervise-le-lancement-dun-programme-de-distribution-de-700-sacrifices","status":"publish","type":"post","link":"https:\/\/ami.mr\/fr\/archives\/224491","title":{"rendered":"La ministre de l\u2019Action sociale supervise le lancement d&#8217;un programme de distribution de 700 sacrifices"},"content":{"rendered":"<div class=\"cell auto-size\">\n<div class=\"set-border bd-gray padding10 margin10 no-margin-right no-margin-left \" dir=\"ltr\">\n<p>La ministre de l\u2019Action sociale, de l&#8217;Enfance et de la Famille, Mme Savia mint N\u2019Tahah, accompagn\u00e9e du wali du Brakna, M. Mohamed Ould Saleck, a supervis\u00e9, vendredi \u00e0 Aleg, le lancement du programme \u2018\u2019mon oudhiyeti\u2019\u2019, au profit des familles n\u00e9cessiteuses au Brakna, au Trarza, en Adrar et au Tagant.<\/p>\n<p>Dans le cadre de cette op\u00e9ration, qui vise \u00e0 soutenir cette frange de la soci\u00e9t\u00e9, 700 personnes vont b\u00e9n\u00e9ficier des sacrifices.<\/p>\n<p>Dans une allocution prononc\u00e9e \u00e0 cette occasion, la ministre a indiqu\u00e9 que ce projet s&#8217;inscrit dans le cadre des programmes du gouvernement du Premier ministre, Monsieur Mohamed Ould Bilal, qui a travaill\u00e9 \u00e0 la g\u00e9n\u00e9ralisation des programmes sociaux, des programmes d&#8217;accompagnement et des cash transferts \u00e0 travers le pays.<\/p>\n<p>Elle a ajout\u00e9 que le minist\u00e8re travaille dans ce contexte pour incarner les valeurs de solidarit\u00e9 sociale en vue de renforcer la coh\u00e9sion nationale \u00e0 travers des programmes de protection, de solidarit\u00e9 et d&#8217;assistance sociale, comprenant la prise en charge des n\u00e9cessiteux et l&#8217;assistance aux citoyens expos\u00e9s aux catastrophes naturelles et des crises,.<\/p>\n<p>Ces programmes visent, \u00e9galement, les personnes handicap\u00e9es et les femmes chefs de m\u00e9nages \u00e0 travers le financement de projets g\u00e9n\u00e9rateurs de revenus, en plus d&#8217;autres interventions \u00e0 caract\u00e8re social et humanitaire.<\/p>\n<p>Mme la ministre a soulign\u00e9 que son d\u00e9partement compte, \u00e0 travers le lancement de ce programme, \u00e0 faire en sorte que le soutien ne se limite pas aux moments difficiles seulement, mais aussi aux moments de joie.<\/p>\n<p>De son c\u00f4t\u00e9, le pr\u00e9sident de la r\u00e9gion du Brakna, M. El Moustapha Ould Mohamed Mahmoud, a exprim\u00e9 sa satisfaction du lancement de cette op\u00e9ration, qui t\u00e9moigne de l&#8217;int\u00e9r\u00eat que porte Son Excellence le Pr\u00e9sident de la R\u00e9publique, Monsieur Mohamed Ould Cheikh El Ghazouani, aux habitants de cette wilaya.<\/p>\n<p>A son tour, le maire d&#8217;Aleg, M. Youssef Ould Mohamed Abdellahi Ould Cheikh El Kadi, a appr\u00e9ci\u00e9 l\u2019attribution de sacrifice aux personnes \u00e2g\u00e9es n\u00e9cessiteuses, remerciant Son Excellence le Pr\u00e9sident de la R\u00e9publique pour ce genre d\u2019initiatives au profit des couches vuln\u00e9rables.<\/p>\n<p>La ministre avait, auparavant, tenu une r\u00e9union avec la Direction R\u00e9gionale des Affaires Sociales, au cours de laquelle elle a suivi une pr\u00e9sentation faite par la Directrice R\u00e9gionale de l\u2019Action Sociale, de l&#8217;Enfance et de la Famille, Mme Toutou mint Yacoub, sur les projets mis en \u0153uvre par le minist\u00e8re dans cette Wilaya.<\/p>\n<p>Elle a, par la suite, visit\u00e9 certaines coop\u00e9ratives f\u00e9minines \u00e0 d&#8217;Aleg, et a tenu une rencontre avec des organisations et associations de f\u00e9minines et discut\u00e9 avec elles de diverses questions de d\u00e9veloppement et de soci\u00e9t\u00e9.<\/p>\n<p>La c\u00e9r\u00e9monie s&#8217;est d\u00e9roul\u00e9e en pr\u00e9sence du hakem d&#8217;Aleg et des autorit\u00e9s militaires et de s\u00e9curit\u00e9 de la Wilaya.<\/p>\n<\/div>\n<\/div>\n","protected":false},"excerpt":{"rendered":"<p>La ministre de l\u2019Action sociale, de l&#8217;Enfance et de la Famille, Mme Savia mint N\u2019Tahah, accompagn\u00e9e du wali du Brakna, M. Mohamed Ould Saleck, a supervis\u00e9, vendredi \u00e0 Aleg, le lancement du programme \u2018\u2019mon oudhiyeti\u2019\u2019, au profit des familles n\u00e9cessiteuses au Brakna, au Trarza, en Adrar et au Tagant. Dans le cadre de cette op\u00e9ration, [&hellip;]<\/p>\n","protected":false},"author":13,"featured_media":224492,"comment_status":"open","ping_status":"open","sticky":false,"template":"","format":"standard","meta":{"footnotes":""},"categories":[63918,63919,63957,63959,63923,8672],"tags":[],"class_list":["post-224491","post","type-post","status-publish","format-standard","has-post-thumbnail","hentry","category-autres","category-choix-du-redacteur","category-fil-dactualite","category-mauritanie","category-slider-wilayas","category-8672"],"_links":{"self":[{"href":"https:\/\/ami.mr\/fr\/wp-json\/wp\/v2\/posts\/224491","targetHints":{"allow":["GET"]}}],"collection":[{"href":"https:\/\/ami.mr\/fr\/wp-json\/wp\/v2\/posts"}],"about":[{"href":"https:\/\/ami.mr\/fr\/wp-json\/wp\/v2\/types\/post"}],"author":[{"embeddable":true,"href":"https:\/\/ami.mr\/fr\/wp-json\/wp\/v2\/users\/13"}],"replies":[{"embeddable":true,"href":"https:\/\/ami.mr\/fr\/wp-json\/wp\/v2\/comments?post=224491"}],"version-history":[{"count":1,"href":"https:\/\/ami.mr\/fr\/wp-json\/wp\/v2\/posts\/224491\/revisions"}],"predecessor-version":[{"id":224493,"href":"https:\/\/ami.mr\/fr\/wp-json\/wp\/v2\/posts\/224491\/revisions\/224493"}],"wp:featuredmedia":[{"embeddable":true,"href":"https:\/\/ami.mr\/fr\/wp-json\/wp\/v2\/media\/224492"}],"wp:attachment":[{"href":"https:\/\/ami.mr\/fr\/wp-json\/wp\/v2\/media?parent=224491"}],"wp:term":[{"taxonomy":"category","embeddable":true,"href":"https:\/\/ami.mr\/fr\/wp-json\/wp\/v2\/categories?post=224491"},{"taxonomy":"post_tag","embeddable":true,"href":"https:\/\/ami.mr\/fr\/wp-json\/wp\/v2\/tags?post=224491"}],"curies":[{"name":"wp","href":"https:\/\/api.w.org\/{rel}","templated":true}]}}