{"id":224473,"date":"2023-06-23T19:18:34","date_gmt":"2023-06-23T19:18:34","guid":{"rendered":"https:\/\/ami.mr\/fr\/?p=224473"},"modified":"2023-06-23T19:18:34","modified_gmt":"2023-06-23T19:18:34","slug":"le-ministere-du-commerce-distribue-des-outils-aux-artisans-a-el-mina-et-amaqhtaa-lahjar","status":"publish","type":"post","link":"https:\/\/ami.mr\/fr\/archives\/224473","title":{"rendered":"Le Minist\u00e8re du Commerce distribue des outils aux artisans \u00e0 El Mina et \u00e0Maqhtaa Lahjar"},"content":{"rendered":"<p>Le minist\u00e8re du Commerce, de l&#8217;Industrie, de l&#8217;Artisanat et du Tourisme a mis \u00e0 disposition, vendredi \u00e0 Nouakchott, une quantit\u00e9 d&#8217;outils et d&#8217;\u00e9quipements li\u00e9s \u00e0 l\u2019artisanat en appui aux artisans traditionnels \u00e0 El-Mina, \u00e0 Nouakchott sud et \u00e0 Maqhtaa Lahjar, au Brakna.<\/p>\n<p>Les outils distribu\u00e9s, choisis suivant le type de productivit\u00e9 le plus courant dans les deux moughataas, sont utilis\u00e9s dans l&#8217;industrie du cuir et de la chaussure, mais aussi, dans la r\u00e9paration des outils agricoles.<\/p>\n<p>Dans une allocution prononc\u00e9e pour la circonstance, le ministre du Commerce, de l&#8217;Industrie, de l&#8217;Artisanat et du Tourisme, M. Lemrabott Ould Bannahi, a indiqu\u00e9 que cet appui s&#8217;inscrit dans le cadre des efforts du gouvernement pour promouvoir l\u2019artisanat national.<\/p>\n<p>Il a ajout\u00e9 que les \u00e9quipements et outils distribu\u00e9s aujourd&#8217;hui au profit de cette composante socioprofessionnelle, qui a un r\u00f4le cl\u00e9 dans le d\u00e9veloppement \u00e9conomique du pays, ont \u00e9t\u00e9 acquis sur le budget de l&#8217;\u00c9tat.<\/p>\n<p>Ould Bannahi a soulign\u00e9 que, compte tenu de la r\u00e9alit\u00e9 de l&#8217;artisanat et la prise de conscience du r\u00f4le jou\u00e9 par les artisans traditionnels, une nouvelle vision bas\u00e9e sur la justice et l&#8217;\u00e9galit\u00e9 des droits a \u00e9t\u00e9 mise en place, conform\u00e9ment au contenu du discours historique de Son Excellence le Pr\u00e9sident de la R\u00e9publique, M. Mohamed Ould Cheikh Al-Ghazwani, prononc\u00e9 dans la ville de Ouadane.<\/p>\n<p>Il a indiqu\u00e9 que la multiplication de la productivit\u00e9, l&#8217;augmentation des revenus des artisans et l&#8217;am\u00e9lioration de la qualit\u00e9 des produits constituent un objectif pour la modernisation de cette profession.<\/p>\n<p>Le maire de la commune d&#8217;El Mina, M. Moussa Ould Abdellahi, a lou\u00e9 les efforts d\u00e9ploy\u00e9s par le minist\u00e8re au profit des populations de la Wilaya, en g\u00e9n\u00e9ral, et les artisans traditionnels, en particulier.<\/p>\n<p>De son c\u00f4t\u00e9, la porte-parole des b\u00e9n\u00e9ficiaires, Mme Youm\u00e9 mint Mohamed Lemine, a remerci\u00e9 le minist\u00e8re pour cet appui qui va aider les artisans traditionnels \u00e0 valoriser leurs performances industrielles.<\/p>\n<p>La c\u00e9r\u00e9monie de distribution des \u00e9quipements s&#8217;est d\u00e9roul\u00e9e en pr\u00e9sence du wali de Nouakchott Sud, M. Niang Djibril Hammadi, et des autorit\u00e9s administratives et s\u00e9curitaires de la Wilaya.<\/p>\n","protected":false},"excerpt":{"rendered":"<p>Le minist\u00e8re du Commerce, de l&#8217;Industrie, de l&#8217;Artisanat et du Tourisme a mis \u00e0 disposition, vendredi \u00e0 Nouakchott, une quantit\u00e9 d&#8217;outils et d&#8217;\u00e9quipements li\u00e9s \u00e0 l\u2019artisanat en appui aux artisans traditionnels \u00e0 El-Mina, \u00e0 Nouakchott sud et \u00e0 Maqhtaa Lahjar, au Brakna. Les outils distribu\u00e9s, choisis suivant le type de productivit\u00e9 le plus courant dans [&hellip;]<\/p>\n","protected":false},"author":13,"featured_media":224474,"comment_status":"open","ping_status":"open","sticky":false,"template":"","format":"standard","meta":{"footnotes":""},"categories":[63918,63919,63957,63959,63927],"tags":[],"class_list":["post-224473","post","type-post","status-publish","format-standard","has-post-thumbnail","hentry","category-autres","category-choix-du-redacteur","category-fil-dactualite","category-mauritanie","category-slider-mauritanie"],"_links":{"self":[{"href":"https:\/\/ami.mr\/fr\/wp-json\/wp\/v2\/posts\/224473","targetHints":{"allow":["GET"]}}],"collection":[{"href":"https:\/\/ami.mr\/fr\/wp-json\/wp\/v2\/posts"}],"about":[{"href":"https:\/\/ami.mr\/fr\/wp-json\/wp\/v2\/types\/post"}],"author":[{"embeddable":true,"href":"https:\/\/ami.mr\/fr\/wp-json\/wp\/v2\/users\/13"}],"replies":[{"embeddable":true,"href":"https:\/\/ami.mr\/fr\/wp-json\/wp\/v2\/comments?post=224473"}],"version-history":[{"count":1,"href":"https:\/\/ami.mr\/fr\/wp-json\/wp\/v2\/posts\/224473\/revisions"}],"predecessor-version":[{"id":224476,"href":"https:\/\/ami.mr\/fr\/wp-json\/wp\/v2\/posts\/224473\/revisions\/224476"}],"wp:featuredmedia":[{"embeddable":true,"href":"https:\/\/ami.mr\/fr\/wp-json\/wp\/v2\/media\/224474"}],"wp:attachment":[{"href":"https:\/\/ami.mr\/fr\/wp-json\/wp\/v2\/media?parent=224473"}],"wp:term":[{"taxonomy":"category","embeddable":true,"href":"https:\/\/ami.mr\/fr\/wp-json\/wp\/v2\/categories?post=224473"},{"taxonomy":"post_tag","embeddable":true,"href":"https:\/\/ami.mr\/fr\/wp-json\/wp\/v2\/tags?post=224473"}],"curies":[{"name":"wp","href":"https:\/\/api.w.org\/{rel}","templated":true}]}}