{"id":224173,"date":"2023-06-19T20:10:26","date_gmt":"2023-06-19T20:10:26","guid":{"rendered":"https:\/\/ami.mr\/fr\/?p=224173"},"modified":"2023-06-19T20:10:26","modified_gmt":"2023-06-19T20:10:26","slug":"nouakchott-reunion-consultative-des-oulemas-du-sahel-et-du-soudan","status":"publish","type":"post","link":"https:\/\/ami.mr\/fr\/archives\/224173","title":{"rendered":"Nouakchott : R\u00e9union consultative des oul\u00e9mas du Sahel et du Soudan"},"content":{"rendered":"<div class=\"row\"><\/div>\n<div class=\"row\">\n<div class=\"cell auto-size\">\n<div class=\"set-border bd-gray padding10 margin10 no-margin-right no-margin-left \" dir=\"ltr\">\n<p>Le Premier ministre, M. Mohamed Ould Bilal Messaoud, a supervis\u00e9, lundi matin, au Palais des conf\u00e9rences de Nouakchott, le lancement des travaux de la r\u00e9union consultative des oul\u00e9mas des pays du Sahel et du Soudan, organis\u00e9e par la Conf\u00e9rence africaine pour la promotion de la Paix en Afrique, sous les auspices de Son Excellence le Pr\u00e9sident de la R\u00e9publique. La conf\u00e9rence discutera, deux jours pendant, de la situation actuelle dans les pays c\u00f4tiers et au Soudan, et des propositions pour faire face aux crises dans ces pays.<\/p>\n<p>Dans son discours d&#8217;ouverture, le Premier ministre a d\u00e9clar\u00e9 que l&#8217;organisation de cette rencontre intervient \u00e0 un moment o\u00f9 l\u2019\u00c9tat fr\u00e8re du Soudan conna\u00eet de violents combats opposant les populations d&#8217;un m\u00eame pays, et certaines r\u00e9gions des pays du Sahel connaissent malheureusement de graves troubles s\u00e9curitaires.<\/p>\n<p>Il a affirm\u00e9 le soutien de la R\u00e9publique islamique de Mauritanie au Soudan fr\u00e8re dans la douloureuse \u00e9preuve qu&#8217;il traverse, et son soutien \u00e0 tous les efforts africains, arabes et internationaux pour combler le foss\u00e9 et r\u00e9tablir la tranquillit\u00e9 et la paix dans ce pays.<\/p>\n<p>Il a renouvel\u00e9 l&#8217;appel de Son Excellence le Pr\u00e9sident de la R\u00e9publique, M. Mohamed Ould Cheikh Al-Ghazouani, qu&#8217;il a lanc\u00e9 lors du 32e sommet arabe tenu \u00e0 Djeddah, \u00e0 d\u00e9ployer tous les efforts possibles pour faire cesser d\u00e9finitivement et efficacement les hostilit\u00e9s dans la R\u00e9publique s\u0153ur du Soudan et de s&#8217;efforcer de cr\u00e9er les conditions appropri\u00e9es pour fournir un soutien humanitaire et \u00e9tablir une solution politique globale dans le pays fr\u00e8re.<\/p>\n<p>Le Premier ministre a salu\u00e9 la coop\u00e9ration entre la Mauritanie et les \u00c9mirats arabes unis dans la lutte contre le fanatisme et l&#8217;extr\u00e9misme, et le soutien \u00e0 la stabilit\u00e9 et au d\u00e9veloppement. La Conf\u00e9rence africaine pour la promotion de la paix est l&#8217;un des fruits de cette coop\u00e9ration, qui r\u00e9unit chaque ann\u00e9e des oul\u00e9mas, des chercheurs et des militants dans la r\u00e9gion afin de diffuser une culture de paix et de tol\u00e9rance dans la r\u00e9gion.<\/p>\n<p>Pour sa part, le Pr\u00e9sident du Forum de la Paix d\u2019Abu Dhabi, Son \u00c9minence Cheikh Abdallah ben Bayyah, a remerci\u00e9 Son Excellence le Pr\u00e9sident de la R\u00e9publique, M. Mohamed Ould Cheikh Al-Ghazouani, pour le haut patronage qu&#8217;il accorde \u00e0 la conf\u00e9rence, et le Gouvernement et peuple mauritaniens pour l&#8217;accueil de cette conf\u00e9rence, \u00e0 laquelle participent les oul\u00e9mas du Sahel et du Soudan.<\/p>\n<p>Il a appr\u00e9ci\u00e9 les efforts de bont\u00e9 et de paix offerts par les \u00c9mirats arabes unis, sous la direction de Son Altesse Cheikh Mohammed ben Zayed Al Nahyan, \u00e0 la conf\u00e9rence et au Forum de la paix d&#8217;Abu Dhabi.<\/p>\n<p>Et il a indiqu\u00e9 que les oul\u00e9mas du Sahel et du Soudan discuteront des initiatives qui pourraient contribuer \u00e0 faire face aux crises des pays susmentionn\u00e9s.<\/p>\n<p>Il a ajout\u00e9 que les participants devaient proposer un appel \u00e0 la paix qui permette d&#8217;arr\u00eater l&#8217;effusion de sang, de faire pr\u00e9valoir l&#8217;int\u00e9r\u00eat public et de parvenir \u00e0 une formule consensuelle de m\u00e9diation et de r\u00e9conciliation entre les diff\u00e9rentes parties.<\/p>\n<p>Il a soulign\u00e9 que leur objectif et souhait est la contribution du forum \u00e0 mettre fin \u00e0 des combats qui font rage, \u00e0 arr\u00eater le cycle de la tuerie, \u00e0 r\u00e9concilier les parties en conflit.<\/p>\n<p>Pour sa part, le ministre des Awqaf en R\u00e9publique arabe d\u2019\u00c9gypte, M. Mohamed Mukhtar Goum\u2019aa, a exprim\u00e9 ses remerciements \u00e0 la Mauritanie et au Forum de la paix d&#8217;Abu Dhabi pour l&#8217;organisation de cette conf\u00e9rence qui constitue une opportunit\u00e9 pour promouvoir la paix et diffuser ses valeurs, car elle porte un appel \u00e0 la paix et une intention de r\u00e9conciliation entre fr\u00e8res.<\/p>\n<p>Le ministre a pass\u00e9 en revue les versets coraniques et les hadiths qui insistent sur la n\u00e9cessit\u00e9 de se sauver, d&#8217;honorer et de sauver la patrie de la destruction, soulignant que les combats exposent les pays \u00e0 la destruction et au chaos.<\/p>\n<p>Pour sa part, le Pr\u00e9sident de la Commission de l&#8217;Union Africaine, M. Moussa Faki, a d\u00e9clar\u00e9 que le fanatisme, l&#8217;extr\u00e9misme et la destruction des lieux de culte n&#8217;ont rien \u00e0 voir avec la vraie religion, indiquant qu&#8217;il s&#8217;agit d&#8217;une d\u00e9rogation \u00e0 la religion tol\u00e9rante, soulignant que l&#8217;Union africaine a adopt\u00e9 une s\u00e9rie de politiques pour faire face \u00e0 ces manifestations \u00e0 l&#8217;horizon 2030, \u00e0 travers l&#8217;\u00e9largissement du cercle du partenariat et de la coop\u00e9ration.<\/p>\n<p>A son tour, le secr\u00e9taire g\u00e9n\u00e9ral de l&#8217;Organisation de la Coop\u00e9ration islamique, M. Hussein Ibrahim Taha, a remerci\u00e9 Son Excellence le Pr\u00e9sident de la R\u00e9publique pour les efforts d\u00e9ploy\u00e9s pour d\u00e9velopper la r\u00e9gion du Sahel, indiquant que les th\u00e8mes qui seront abord\u00e9s lors de ces rencontres sont principalement li\u00e9s aux approches qui contribueront au d\u00e9veloppement des secteurs productifs dans la r\u00e9gion du Sahel.<\/p>\n<p>Il a soulign\u00e9 qu&#8217;il est urgent de mobiliser des ressources financi\u00e8res ad\u00e9quates pour soutenir les populations de la r\u00e9gion du Sahel et faire face aux catastrophes naturelles, et l&#8217;importance d&#8217;accorder une attention particuli\u00e8re aux approches s\u00e9curitaires qui garantissent la paix et la coexistence pacifique entre les peuples du continent, notant que la r\u00e9gion vit de l&#8217;impact des fluctuations climatiques qui affectent clairement la vie publique de la r\u00e9gion.<\/p>\n<p>Quant au porte-parole des d\u00e9l\u00e9gations, Le Conseiller du pr\u00e9sident du Burkina Faso, M. Aboubaker Doukour\u00e9, il a exprim\u00e9 sa joie d&#8217;assister \u00e0 la conf\u00e9rence en Mauritanie, qui a contribu\u00e9 \u00e0 diffuser les valeurs de l&#8217;islam, de la tol\u00e9rance et de la fraternit\u00e9 dans les pays de la r\u00e9gion.<\/p>\n<p>Il a indiqu\u00e9 que les crises sur le continent ont eu des effets n\u00e9gatifs sur la vie sociale et \u00e9conomique des habitants du continent, soulignant que ces crises ont \u00e9t\u00e9 d\u00e9clench\u00e9es au nom de l&#8217;islam, soulignant le r\u00f4le des \u00e9rudits islamiques dans la correction de ces id\u00e9es fausses et le rejet de diverses formes de violences.<\/p>\n<p>\u00c0 son tour, l&#8217;ambassadeur des libert\u00e9s religieuses aux \u00c9tats-Unis d&#8217;Am\u00e9rique, SEM Rashad Hussein, a exprim\u00e9 son appr\u00e9ciation pour les efforts d\u00e9ploy\u00e9s par chacun afin de r\u00e9soudre les probl\u00e8mes soulev\u00e9s, indiquant que le travail qu&#8217;ils font pour promouvoir la paix dans le Sahel et au Soudan est un travail tr\u00e8s d\u00e9licat, surtout dans le contexte actuel, soulignant le soutien de son pays aux efforts de la conf\u00e9rence en vue de parvenir \u00e0 une solution globale et permanente aux probl\u00e8mes du continent.<\/p>\n<p>&nbsp;<\/p>\n<p>La c\u00e9r\u00e9monie d&#8217;ouverture a eu lieu en pr\u00e9sence des ministres : de la Justice, de l\u2019Int\u00e9rieur et D\u00e9centralisation, de l\u2019\u00c9ducation nationale, de l\u2019\u00c9levage, de l\u2019Enseignement sup\u00e9rieur, de l\u2019Action sociale, du ministre Secr\u00e9taire g\u00e9n\u00e9ral du Gouvernement, du Commissaire aux Droits de l&#8217;Homme et de plusieurs autres hauts responsables.<\/p>\n<\/div>\n<\/div>\n<\/div>\n","protected":false},"excerpt":{"rendered":"<p>Le Premier ministre, M. Mohamed Ould Bilal Messaoud, a supervis\u00e9, lundi matin, au Palais des conf\u00e9rences de Nouakchott, le lancement des travaux de la r\u00e9union consultative des oul\u00e9mas des pays du Sahel et du Soudan, organis\u00e9e par la Conf\u00e9rence africaine pour la promotion de la Paix en Afrique, sous les auspices de Son Excellence le [&hellip;]<\/p>\n","protected":false},"author":8,"featured_media":224174,"comment_status":"open","ping_status":"open","sticky":false,"template":"","format":"standard","meta":{"footnotes":""},"categories":[63957,25,63921,63926],"tags":[],"class_list":["post-224173","post","type-post","status-publish","format-standard","has-post-thumbnail","hentry","category-fil-dactualite","category-25","category-slider-afficher","category-slider-general"],"_links":{"self":[{"href":"https:\/\/ami.mr\/fr\/wp-json\/wp\/v2\/posts\/224173","targetHints":{"allow":["GET"]}}],"collection":[{"href":"https:\/\/ami.mr\/fr\/wp-json\/wp\/v2\/posts"}],"about":[{"href":"https:\/\/ami.mr\/fr\/wp-json\/wp\/v2\/types\/post"}],"author":[{"embeddable":true,"href":"https:\/\/ami.mr\/fr\/wp-json\/wp\/v2\/users\/8"}],"replies":[{"embeddable":true,"href":"https:\/\/ami.mr\/fr\/wp-json\/wp\/v2\/comments?post=224173"}],"version-history":[{"count":1,"href":"https:\/\/ami.mr\/fr\/wp-json\/wp\/v2\/posts\/224173\/revisions"}],"predecessor-version":[{"id":224175,"href":"https:\/\/ami.mr\/fr\/wp-json\/wp\/v2\/posts\/224173\/revisions\/224175"}],"wp:featuredmedia":[{"embeddable":true,"href":"https:\/\/ami.mr\/fr\/wp-json\/wp\/v2\/media\/224174"}],"wp:attachment":[{"href":"https:\/\/ami.mr\/fr\/wp-json\/wp\/v2\/media?parent=224173"}],"wp:term":[{"taxonomy":"category","embeddable":true,"href":"https:\/\/ami.mr\/fr\/wp-json\/wp\/v2\/categories?post=224173"},{"taxonomy":"post_tag","embeddable":true,"href":"https:\/\/ami.mr\/fr\/wp-json\/wp\/v2\/tags?post=224173"}],"curies":[{"name":"wp","href":"https:\/\/api.w.org\/{rel}","templated":true}]}}