{"id":224122,"date":"2023-06-19T12:27:36","date_gmt":"2023-06-19T12:27:36","guid":{"rendered":"https:\/\/ami.mr\/fr\/?p=224122"},"modified":"2023-06-19T13:43:54","modified_gmt":"2023-06-19T13:43:54","slug":"lassemblee-nationale-en-session-pleniere-pour-lelection-de-son-president","status":"publish","type":"post","link":"https:\/\/ami.mr\/fr\/archives\/224122","title":{"rendered":"L\u2019Assembl\u00e9e nationale en session pl\u00e9ni\u00e8re pour l\u2019\u00e9lection de son pr\u00e9sident"},"content":{"rendered":"<div class=\"cell auto-size\">\n<div class=\"set-border bd-gray padding10 margin10 no-margin-right no-margin-left \" dir=\"ltr\">\n<p>L&#8217;Assembl\u00e9e nationale a tenu \u00e0 Nouakchott, une s\u00e9ance pl\u00e9ni\u00e8re consacr\u00e9e \u00e0 l&#8217;\u00e9lection de son pr\u00e9sident.<\/p>\n<p>Le parti Insaf et les partis de la majorit\u00e9 repr\u00e9sent\u00e9s \u00e0 l&#8217;Assembl\u00e9e nationale ont pr\u00e9sent\u00e9 la candidature du d\u00e9put\u00e9 Mohamed Bamba Meguett au poste de pr\u00e9sident de l&#8217;assembl\u00e9e.<\/p>\n<p>De leur c\u00f4t\u00e9, les d\u00e9put\u00e9s des partis d&#8217;opposition repr\u00e9sent\u00e9s au Parlement ont pr\u00e9sent\u00e9 celle du d\u00e9put\u00e9 Ahmedou Ould Mbala du Rassemblement national pour la r\u00e9forme et le d\u00e9veloppement (Tawassoul).<\/p>\n<p>Aussit\u00f4t apr\u00e8s l\u2019ouverture de la session, qui \u00e9tait pr\u00e9sid\u00e9e par le repr\u00e9sentant Moussa Demba Sow &#8211; en tant qu&#8217;a\u00een\u00e9 de la formation parlementaire actuelle &#8211; les d\u00e9put\u00e9s ont commenc\u00e9 \u00e0 voter pour \u00e9lire le pr\u00e9sident \u00e0 l&#8217;Assembl\u00e9e nationale.<\/p>\n<\/div>\n<\/div>\n","protected":false},"excerpt":{"rendered":"<p>L&#8217;Assembl\u00e9e nationale a tenu \u00e0 Nouakchott, une s\u00e9ance pl\u00e9ni\u00e8re consacr\u00e9e \u00e0 l&#8217;\u00e9lection de son pr\u00e9sident. Le parti Insaf et les partis de la majorit\u00e9 repr\u00e9sent\u00e9s \u00e0 l&#8217;Assembl\u00e9e nationale ont pr\u00e9sent\u00e9 la candidature du d\u00e9put\u00e9 Mohamed Bamba Meguett au poste de pr\u00e9sident de l&#8217;assembl\u00e9e. De leur c\u00f4t\u00e9, les d\u00e9put\u00e9s des partis d&#8217;opposition repr\u00e9sent\u00e9s au Parlement ont [&hellip;]<\/p>\n","protected":false},"author":16,"featured_media":224128,"comment_status":"open","ping_status":"open","sticky":false,"template":"","format":"standard","meta":{"footnotes":""},"categories":[63919,63957,63959,63921,63927],"tags":[],"class_list":["post-224122","post","type-post","status-publish","format-standard","has-post-thumbnail","hentry","category-choix-du-redacteur","category-fil-dactualite","category-mauritanie","category-slider-afficher","category-slider-mauritanie"],"_links":{"self":[{"href":"https:\/\/ami.mr\/fr\/wp-json\/wp\/v2\/posts\/224122","targetHints":{"allow":["GET"]}}],"collection":[{"href":"https:\/\/ami.mr\/fr\/wp-json\/wp\/v2\/posts"}],"about":[{"href":"https:\/\/ami.mr\/fr\/wp-json\/wp\/v2\/types\/post"}],"author":[{"embeddable":true,"href":"https:\/\/ami.mr\/fr\/wp-json\/wp\/v2\/users\/16"}],"replies":[{"embeddable":true,"href":"https:\/\/ami.mr\/fr\/wp-json\/wp\/v2\/comments?post=224122"}],"version-history":[{"count":1,"href":"https:\/\/ami.mr\/fr\/wp-json\/wp\/v2\/posts\/224122\/revisions"}],"predecessor-version":[{"id":224124,"href":"https:\/\/ami.mr\/fr\/wp-json\/wp\/v2\/posts\/224122\/revisions\/224124"}],"wp:featuredmedia":[{"embeddable":true,"href":"https:\/\/ami.mr\/fr\/wp-json\/wp\/v2\/media\/224128"}],"wp:attachment":[{"href":"https:\/\/ami.mr\/fr\/wp-json\/wp\/v2\/media?parent=224122"}],"wp:term":[{"taxonomy":"category","embeddable":true,"href":"https:\/\/ami.mr\/fr\/wp-json\/wp\/v2\/categories?post=224122"},{"taxonomy":"post_tag","embeddable":true,"href":"https:\/\/ami.mr\/fr\/wp-json\/wp\/v2\/tags?post=224122"}],"curies":[{"name":"wp","href":"https:\/\/api.w.org\/{rel}","templated":true}]}}