{"id":224075,"date":"2023-06-18T13:57:07","date_gmt":"2023-06-18T13:57:07","guid":{"rendered":"https:\/\/ami.mr\/fr\/?p=224075"},"modified":"2023-06-18T14:00:57","modified_gmt":"2023-06-18T14:00:57","slug":"organisation-dune-soiree-poetique-dans-la-cadre-de-la-celebration-de-nouakchott-capitale-de-la-culture-islamique","status":"publish","type":"post","link":"https:\/\/ami.mr\/fr\/archives\/224075","title":{"rendered":"Organisation d\u2019une soir\u00e9e po\u00e9tique dans la cadre de la c\u00e9l\u00e9bration de Nouakchott capitale de la culture islamique"},"content":{"rendered":"<p>Le comit\u00e9 sup\u00e9rieur charg\u00e9 des activit\u00e9s de la c\u00e9l\u00e9bration de \u00a8Nouakchott capitale de la culture du monde islamique pour l\u2019ann\u00e9e 2023 \u00bb, a organis\u00e9, samedi soir, au centre culturel de la r\u00e9gion de Nouakchott, une soir\u00e9e de po\u00e9sie.<\/p>\n<p>A cette occasion, le secr\u00e9taire g\u00e9n\u00e9ral du Comit\u00e9, M. Mohamed Ould Sidi Abdallah, a soulign\u00e9 que le choix de Nouakchott comme capitale de la culture du monde islamique pour l&#8217;ann\u00e9e 2023 n&#8217;\u00e9tait pas le fruit du hasard, mais r\u00e9sulte plut\u00f4t de la grande influence culturelle dont jouit la Mauritanie.<\/p>\n<p>Il a \u00e9galement rappel\u00e9 que cette rencontre s\u2019inscrit dans le cadre des activit\u00e9s c\u00e9l\u00e9brant Nouakchott comme capitale de la culture du monde au titre de l\u2019ann\u00e9e 2023.<\/p>\n<p>La soir\u00e9e a \u00e9t\u00e9 marqu\u00e9e par de riches contributions po\u00e9tiques de jeunes po\u00e8tes et par une exposition d\u2019art plastique.<\/p>\n","protected":false},"excerpt":{"rendered":"<p>Le comit\u00e9 sup\u00e9rieur charg\u00e9 des activit\u00e9s de la c\u00e9l\u00e9bration de \u00a8Nouakchott capitale de la culture du monde islamique pour l\u2019ann\u00e9e 2023 \u00bb, a organis\u00e9, samedi soir, au centre culturel de la r\u00e9gion de Nouakchott, une soir\u00e9e de po\u00e9sie. A cette occasion, le secr\u00e9taire g\u00e9n\u00e9ral du Comit\u00e9, M. Mohamed Ould Sidi Abdallah, a soulign\u00e9 que le [&hellip;]<\/p>\n","protected":false},"author":5,"featured_media":224076,"comment_status":"open","ping_status":"open","sticky":false,"template":"","format":"standard","meta":{"footnotes":""},"categories":[63918,63957,63924],"tags":[],"class_list":["post-224075","post","type-post","status-publish","format-standard","has-post-thumbnail","hentry","category-autres","category-fil-dactualite","category-slider-culture"],"_links":{"self":[{"href":"https:\/\/ami.mr\/fr\/wp-json\/wp\/v2\/posts\/224075","targetHints":{"allow":["GET"]}}],"collection":[{"href":"https:\/\/ami.mr\/fr\/wp-json\/wp\/v2\/posts"}],"about":[{"href":"https:\/\/ami.mr\/fr\/wp-json\/wp\/v2\/types\/post"}],"author":[{"embeddable":true,"href":"https:\/\/ami.mr\/fr\/wp-json\/wp\/v2\/users\/5"}],"replies":[{"embeddable":true,"href":"https:\/\/ami.mr\/fr\/wp-json\/wp\/v2\/comments?post=224075"}],"version-history":[{"count":1,"href":"https:\/\/ami.mr\/fr\/wp-json\/wp\/v2\/posts\/224075\/revisions"}],"predecessor-version":[{"id":224077,"href":"https:\/\/ami.mr\/fr\/wp-json\/wp\/v2\/posts\/224075\/revisions\/224077"}],"wp:featuredmedia":[{"embeddable":true,"href":"https:\/\/ami.mr\/fr\/wp-json\/wp\/v2\/media\/224076"}],"wp:attachment":[{"href":"https:\/\/ami.mr\/fr\/wp-json\/wp\/v2\/media?parent=224075"}],"wp:term":[{"taxonomy":"category","embeddable":true,"href":"https:\/\/ami.mr\/fr\/wp-json\/wp\/v2\/categories?post=224075"},{"taxonomy":"post_tag","embeddable":true,"href":"https:\/\/ami.mr\/fr\/wp-json\/wp\/v2\/tags?post=224075"}],"curies":[{"name":"wp","href":"https:\/\/api.w.org\/{rel}","templated":true}]}}