{"id":224013,"date":"2023-06-16T19:43:31","date_gmt":"2023-06-16T19:43:31","guid":{"rendered":"https:\/\/ami.mr\/fr\/?p=224013"},"modified":"2023-06-16T19:43:31","modified_gmt":"2023-06-16T19:43:31","slug":"investiture-du-maire-daleg-capitale-du-brakna","status":"publish","type":"post","link":"https:\/\/ami.mr\/fr\/archives\/224013","title":{"rendered":"Investiture du maire d&#8217;Aleg, capitale du Brakna"},"content":{"rendered":"<div class=\"cell auto-size\">\n<div class=\"set-border bd-gray padding10 margin10 no-margin-right no-margin-left \" dir=\"ltr\">\n<p>Le Wali du Brakna, M. Mohamed Ould Saleck, a supervis\u00e9, mercredi \u00e0 Aleg, la c\u00e9r\u00e9monie d&#8217;investiture du maire \u00e9lu, M. Youssef Ould Mohamed Abdellahi Ould Cheikh El Kadi, du parti \u2018\u2019Hiwar\u2019\u2019.<\/p>\n<p>Au cours de la c\u00e9r\u00e9monie d&#8217;investiture, les cinq adjoints au maire ont \u00e9t\u00e9 \u00e9lus ainsi qu\u2019il suit :<\/p>\n<p>Premier adjoint : M. Khadaj Edhafi, du parti (Hiwar)<\/p>\n<p>Deuxi\u00e8me adjoint : M. Esned Mohamed Abdi, du parti (Hiwar)<\/p>\n<p>Troisi\u00e8me adjoint : El Mokhtar Ely H\u2019meidat, du parti (Hiwar)<\/p>\n<p>Quatri\u00e8me adjointe : Mme Hawa Day Messaoud, du parti (Hiwar)<\/p>\n<p>Cinqui\u00e8me adjoint : Sid\u2019Ahmed Mohamed Lemine Elbou, du parti (Hiwar).<\/p>\n<p>Dans un mot prononc\u00e9 pour la circonstance, le wali, a salu\u00e9 l&#8217;atmosph\u00e8re d\u00e9mocratique bien distingu\u00e9e qui a marqu\u00e9 la derni\u00e8re campagne \u00e9lectorale, ce qui refl\u00e8te le niveau de sensibilisation de la population.<\/p>\n<p>Il a appel\u00e9 le conseil municipal \u00e0 travailler pour le d\u00e9veloppement de la municipalit\u00e9 et \u00e0 mettre en \u0153uvre des programmes de d\u00e9veloppement \u00e0 m\u00eame de servir les citoyens.<\/p>\n<p>De son c\u00f4t\u00e9, le maire \u00e9lu a affirm\u00e9 que le conseil travaillera \u00e0 d\u00e9velopper et \u00e0 servir les citoyens qui l&#8217;ont charg\u00e9 de cette lourde responsabilit\u00e9.<\/p>\n<p>Il a soulign\u00e9 l\u2019importance d\u2019amorcer un dialogue conduisant \u00e0 l&#8217;int\u00e9gration sociale, en application de l&#8217;ambitieux programme de soci\u00e9t\u00e9 dont les bases ont \u00e9t\u00e9 je\u00e9es par Son Excellence le Pr\u00e9sident de la R\u00e9publique, Monsieur Mohamed Ould Cheikh. El Ghazouani.<\/p>\n<\/div>\n<\/div>\n","protected":false},"excerpt":{"rendered":"<p>Le Wali du Brakna, M. Mohamed Ould Saleck, a supervis\u00e9, mercredi \u00e0 Aleg, la c\u00e9r\u00e9monie d&#8217;investiture du maire \u00e9lu, M. Youssef Ould Mohamed Abdellahi Ould Cheikh El Kadi, du parti \u2018\u2019Hiwar\u2019\u2019. Au cours de la c\u00e9r\u00e9monie d&#8217;investiture, les cinq adjoints au maire ont \u00e9t\u00e9 \u00e9lus ainsi qu\u2019il suit : Premier adjoint : M. Khadaj Edhafi, [&hellip;]<\/p>\n","protected":false},"author":18,"featured_media":224014,"comment_status":"open","ping_status":"open","sticky":false,"template":"","format":"standard","meta":{"footnotes":""},"categories":[63918,63919,63957,8672],"tags":[],"class_list":["post-224013","post","type-post","status-publish","format-standard","has-post-thumbnail","hentry","category-autres","category-choix-du-redacteur","category-fil-dactualite","category-8672"],"_links":{"self":[{"href":"https:\/\/ami.mr\/fr\/wp-json\/wp\/v2\/posts\/224013","targetHints":{"allow":["GET"]}}],"collection":[{"href":"https:\/\/ami.mr\/fr\/wp-json\/wp\/v2\/posts"}],"about":[{"href":"https:\/\/ami.mr\/fr\/wp-json\/wp\/v2\/types\/post"}],"author":[{"embeddable":true,"href":"https:\/\/ami.mr\/fr\/wp-json\/wp\/v2\/users\/18"}],"replies":[{"embeddable":true,"href":"https:\/\/ami.mr\/fr\/wp-json\/wp\/v2\/comments?post=224013"}],"version-history":[{"count":1,"href":"https:\/\/ami.mr\/fr\/wp-json\/wp\/v2\/posts\/224013\/revisions"}],"predecessor-version":[{"id":224015,"href":"https:\/\/ami.mr\/fr\/wp-json\/wp\/v2\/posts\/224013\/revisions\/224015"}],"wp:featuredmedia":[{"embeddable":true,"href":"https:\/\/ami.mr\/fr\/wp-json\/wp\/v2\/media\/224014"}],"wp:attachment":[{"href":"https:\/\/ami.mr\/fr\/wp-json\/wp\/v2\/media?parent=224013"}],"wp:term":[{"taxonomy":"category","embeddable":true,"href":"https:\/\/ami.mr\/fr\/wp-json\/wp\/v2\/categories?post=224013"},{"taxonomy":"post_tag","embeddable":true,"href":"https:\/\/ami.mr\/fr\/wp-json\/wp\/v2\/tags?post=224013"}],"curies":[{"name":"wp","href":"https:\/\/api.w.org\/{rel}","templated":true}]}}