{"id":223929,"date":"2023-06-15T21:22:55","date_gmt":"2023-06-15T21:22:55","guid":{"rendered":"https:\/\/ami.mr\/fr\/?p=223929"},"modified":"2023-06-15T21:22:55","modified_gmt":"2023-06-15T21:22:55","slug":"lobservatoire-mauritanien-de-surveillance-des-elections-presente-les-conclusions-de-son-rapport","status":"publish","type":"post","link":"https:\/\/ami.mr\/fr\/archives\/223929","title":{"rendered":"L&#8217;Observatoire mauritanien de surveillance des \u00e9lections pr\u00e9sente les conclusions de son rapport"},"content":{"rendered":"<div class=\"row\"><\/div>\n<div class=\"row\">\n<div class=\"cell auto-size\">\n<div class=\"set-border bd-gray padding10 margin10 no-margin-right no-margin-left \" dir=\"ltr\">\n<p>L&#8217;Observatoire mauritanien de surveillance des \u00e9lections et de la bonne gouvernance a organis\u00e9 jeudi, au si\u00e8ge de la r\u00e9gion de Nouakchott, une conf\u00e9rence de presse pour pr\u00e9senter les conclusions de son rapport sur l&#8217;observation des \u00e9lections l\u00e9gislatives, municipales et r\u00e9gionales de mai dernier. L&#8217;Observatoire est compos\u00e9 de 18 organisations de la soci\u00e9t\u00e9 civile.<\/p>\n<p>Le responsable de l&#8217;observatoire, M. Khalil Ould Khairi, a affirm\u00e9 que son organisation joue un r\u00f4le pionnier dans l&#8217;observation de la sc\u00e8ne politique, notamment \u00e9lectorale. Il a pr\u00e9cis\u00e9 que l&#8217;Observatoire a commenc\u00e9 le travail sur le terrain d\u00e8s le d\u00e9but du processus \u00e9lectoral, en envoyant des d\u00e9l\u00e9gations pour surveiller et observer le processus \u00e9lectoral.<\/p>\n<p>Ces d\u00e9l\u00e9gations ont fourni \u00e0 l&#8217;Observatoire des rapports contenant leurs observations sur le d\u00e9roulement du scrutin, et l&#8217;Observatoire, \u00e0 son tour, a transmis ces rapports \u00e0 la Commission \u00e9lectorale nationale ind\u00e9pendante.<\/p>\n<p>&nbsp;<\/p>\n<\/div>\n<\/div>\n<\/div>\n","protected":false},"excerpt":{"rendered":"<p>L&#8217;Observatoire mauritanien de surveillance des \u00e9lections et de la bonne gouvernance a organis\u00e9 jeudi, au si\u00e8ge de la r\u00e9gion de Nouakchott, une conf\u00e9rence de presse pour pr\u00e9senter les conclusions de son rapport sur l&#8217;observation des \u00e9lections l\u00e9gislatives, municipales et r\u00e9gionales de mai dernier. L&#8217;Observatoire est compos\u00e9 de 18 organisations de la soci\u00e9t\u00e9 civile. Le responsable [&hellip;]<\/p>\n","protected":false},"author":18,"featured_media":223928,"comment_status":"open","ping_status":"open","sticky":false,"template":"","format":"standard","meta":{"footnotes":""},"categories":[63918,63919,63957],"tags":[],"class_list":["post-223929","post","type-post","status-publish","format-standard","has-post-thumbnail","hentry","category-autres","category-choix-du-redacteur","category-fil-dactualite"],"_links":{"self":[{"href":"https:\/\/ami.mr\/fr\/wp-json\/wp\/v2\/posts\/223929","targetHints":{"allow":["GET"]}}],"collection":[{"href":"https:\/\/ami.mr\/fr\/wp-json\/wp\/v2\/posts"}],"about":[{"href":"https:\/\/ami.mr\/fr\/wp-json\/wp\/v2\/types\/post"}],"author":[{"embeddable":true,"href":"https:\/\/ami.mr\/fr\/wp-json\/wp\/v2\/users\/18"}],"replies":[{"embeddable":true,"href":"https:\/\/ami.mr\/fr\/wp-json\/wp\/v2\/comments?post=223929"}],"version-history":[{"count":1,"href":"https:\/\/ami.mr\/fr\/wp-json\/wp\/v2\/posts\/223929\/revisions"}],"predecessor-version":[{"id":223931,"href":"https:\/\/ami.mr\/fr\/wp-json\/wp\/v2\/posts\/223929\/revisions\/223931"}],"wp:featuredmedia":[{"embeddable":true,"href":"https:\/\/ami.mr\/fr\/wp-json\/wp\/v2\/media\/223928"}],"wp:attachment":[{"href":"https:\/\/ami.mr\/fr\/wp-json\/wp\/v2\/media?parent=223929"}],"wp:term":[{"taxonomy":"category","embeddable":true,"href":"https:\/\/ami.mr\/fr\/wp-json\/wp\/v2\/categories?post=223929"},{"taxonomy":"post_tag","embeddable":true,"href":"https:\/\/ami.mr\/fr\/wp-json\/wp\/v2\/tags?post=223929"}],"curies":[{"name":"wp","href":"https:\/\/api.w.org\/{rel}","templated":true}]}}