{"id":223901,"date":"2023-06-15T17:51:30","date_gmt":"2023-06-15T17:51:30","guid":{"rendered":"https:\/\/ami.mr\/fr\/?p=223901"},"modified":"2023-06-15T17:51:30","modified_gmt":"2023-06-15T17:51:30","slug":"le-ministere-du-commerce-distribue-une-quantite-de-fournitures-et-dequipements-aux-artisans","status":"publish","type":"post","link":"https:\/\/ami.mr\/fr\/archives\/223901","title":{"rendered":"Le minist\u00e8re du Commerce distribue une quantit\u00e9 de fournitures et d&#8217;\u00e9quipements aux artisans"},"content":{"rendered":"<div class=\"row\">\n<div class=\"cell auto-size bd-gray\" dir=\"ltr\"><\/div>\n<\/div>\n<div class=\"row\">\n<div class=\"cell auto-size\">\n<div class=\"set-border bd-gray padding10 margin10 no-margin-right no-margin-left \" dir=\"ltr\">\n<p>Le minist\u00e8re du Commerce, de l&#8217;Industrie, de l&#8217;Artisanat et du Tourisme a fourni jeudi \u00e0 Nouakchott une assistance sous forme de mat\u00e9riel et \u00e9quipements primaires utilis\u00e9s dans l&#8217;artisanat au profit de 69 artisans dont les \u00e9talages ont r\u00e9cemment \u00e9t\u00e9 expos\u00e9s \u00e0 un incendie qui a caus\u00e9 d&#8217;importantes pertes mat\u00e9rielles, notamment d&#8217;\u00e9quipements et de produits.<\/p>\n<p>Cette aide s&#8217;inscrit dans le cadre d&#8217;un appui financier de 50 millions d&#8217;anciennes ouguiyas, consenti par le minist\u00e8re du Commerce.<\/p>\n<p>Une partie de cette aide a \u00e9t\u00e9 orient\u00e9e vers l&#8217;acquisition d&#8217;\u00e9quipements et d&#8217;outillage, prioritaire pour la reprise des activit\u00e9s des artisans qui ont subi des pertes \u00e0 la suite de l&#8217;incendie dont ils ont \u00e9t\u00e9 victimes, et une autre sera distribu\u00e9e en esp\u00e8ces.<\/p>\n<p>Le secr\u00e9taire g\u00e9n\u00e9ral du minist\u00e8re du commerce, de l&#8217;industrie, de l&#8217;artisanat et du tourisme, M. Abdoul Mamadou Barry, a affirm\u00e9 dans une d\u00e9claration au repr\u00e9sentant de l&#8217;Agence mauritanienne d\u2019information que la distribution de ces fournitures et \u00e9quipements intervient apr\u00e8s l&#8217;\u00e9valuation des pertes caus\u00e9es par l\u2019incendie, et pr\u00e9cis\u00e9 que les \u00e9quipements contribueront sans aucun doute \u00e0 la reprise des artisans de leurs activit\u00e9s, soulignant que le minist\u00e8re, avec les directives de Son Excellence le Pr\u00e9sident de la R\u00e9publique, M. Mohamed Ould Cheikh El Ghazouani, accompagnera les int\u00e9ress\u00e9s dans toutes les \u00e9tapes de leur activit\u00e9.<\/p>\n<p>A son tour, la responsable de la Chambre nationale de l&#8217;artisanat et de l&#8217;artisanat, Mme Mounina Mint Chneidhra, a expliqu\u00e9 que l&#8217;acquisition de ces \u00e9quipements s&#8217;est faite de mani\u00e8re organis\u00e9e, avec la participation et la concertation avec les artisans. Elle a appr\u00e9ci\u00e9 l&#8217;attention que Son Excellence le Pr\u00e9sident de la R\u00e9publique accorde aux artisans, soulignant que l&#8217;acquisition des \u00e9quipements primaires permettra aux artisans de reprendre leur travail, qui est leur seule source de revenus. Les b\u00e9n\u00e9ficiaires ont salu\u00e9 l&#8217;engagement du gouvernement, repr\u00e9sent\u00e9 par le minist\u00e8re du Commerce, depuis l&#8217;\u00e9clatement du sinistre jusqu&#8217;\u00e0 la livraison de cette aide, notant qu&#8217;ils travailleront pour mieux fabriquer les produits \u00e0 la suite de cet appui du gouvernement pour les personnes sinistr\u00e9es.<\/p>\n<p>Il est \u00e0 noter que les artisans ont par ailleurs re\u00e7u une aide pr\u00e9cieuse de l&#8217;Union Nationale du Patronat Mauritanien et de la r\u00e9gion de Nouakchott, o\u00f9 de nouvelles boutiques ont \u00e9t\u00e9 construites \u00e0 leur intention pour exposer leurs produits.<\/p>\n<p>La c\u00e9r\u00e9monie s&#8217;est d\u00e9roul\u00e9e en pr\u00e9sence des cadres du secteur et des repr\u00e9sentants des autorit\u00e9s administratives et d&#8217;autres responsables de la wilaya de Nouakchott- Sud.<\/p>\n<\/div>\n<\/div>\n<\/div>\n","protected":false},"excerpt":{"rendered":"<p>Le minist\u00e8re du Commerce, de l&#8217;Industrie, de l&#8217;Artisanat et du Tourisme a fourni jeudi \u00e0 Nouakchott une assistance sous forme de mat\u00e9riel et \u00e9quipements primaires utilis\u00e9s dans l&#8217;artisanat au profit de 69 artisans dont les \u00e9talages ont r\u00e9cemment \u00e9t\u00e9 expos\u00e9s \u00e0 un incendie qui a caus\u00e9 d&#8217;importantes pertes mat\u00e9rielles, notamment d&#8217;\u00e9quipements et de produits. Cette [&hellip;]<\/p>\n","protected":false},"author":18,"featured_media":223902,"comment_status":"open","ping_status":"open","sticky":false,"template":"","format":"standard","meta":{"footnotes":""},"categories":[63918,63919,63957],"tags":[],"class_list":["post-223901","post","type-post","status-publish","format-standard","has-post-thumbnail","hentry","category-autres","category-choix-du-redacteur","category-fil-dactualite"],"_links":{"self":[{"href":"https:\/\/ami.mr\/fr\/wp-json\/wp\/v2\/posts\/223901","targetHints":{"allow":["GET"]}}],"collection":[{"href":"https:\/\/ami.mr\/fr\/wp-json\/wp\/v2\/posts"}],"about":[{"href":"https:\/\/ami.mr\/fr\/wp-json\/wp\/v2\/types\/post"}],"author":[{"embeddable":true,"href":"https:\/\/ami.mr\/fr\/wp-json\/wp\/v2\/users\/18"}],"replies":[{"embeddable":true,"href":"https:\/\/ami.mr\/fr\/wp-json\/wp\/v2\/comments?post=223901"}],"version-history":[{"count":2,"href":"https:\/\/ami.mr\/fr\/wp-json\/wp\/v2\/posts\/223901\/revisions"}],"predecessor-version":[{"id":223904,"href":"https:\/\/ami.mr\/fr\/wp-json\/wp\/v2\/posts\/223901\/revisions\/223904"}],"wp:featuredmedia":[{"embeddable":true,"href":"https:\/\/ami.mr\/fr\/wp-json\/wp\/v2\/media\/223902"}],"wp:attachment":[{"href":"https:\/\/ami.mr\/fr\/wp-json\/wp\/v2\/media?parent=223901"}],"wp:term":[{"taxonomy":"category","embeddable":true,"href":"https:\/\/ami.mr\/fr\/wp-json\/wp\/v2\/categories?post=223901"},{"taxonomy":"post_tag","embeddable":true,"href":"https:\/\/ami.mr\/fr\/wp-json\/wp\/v2\/tags?post=223901"}],"curies":[{"name":"wp","href":"https:\/\/api.w.org\/{rel}","templated":true}]}}