{"id":223519,"date":"2023-06-10T19:50:59","date_gmt":"2023-06-10T19:50:59","guid":{"rendered":"https:\/\/ami.mr\/fr\/?p=223519"},"modified":"2023-06-10T19:53:17","modified_gmt":"2023-06-10T19:53:17","slug":"le-ministre-de-linterieur-supervise-linstallation-du-conseil-regional-de-nouakchott","status":"publish","type":"post","link":"https:\/\/ami.mr\/fr\/archives\/223519","title":{"rendered":"Le ministre de l&#8217;Int\u00e9rieur supervise l&#8217;installation du Conseil r\u00e9gional de Nouakchott"},"content":{"rendered":"<div class=\"row\">Le ministre de l&#8217;Int\u00e9rieur et de la D\u00e9centralisation, M. Mohamed Ahmed Ould Mohamed Lemine, a supervis\u00e9, samedi \u00e0 Nouakchott, l&#8217;installation du conseil r\u00e9gional de Nouakchott conduit par Mme Vatimetou Mint Abdel Maleck.<\/div>\n<div class=\"row\">\n<div class=\"cell auto-size\">\n<div class=\"set-border bd-gray padding10 margin10 no-margin-right no-margin-left \" dir=\"ltr\">\n<p><img decoding=\"async\" class=\"wp-image-223521 alignright\" src=\"https:\/\/ami.mr\/fr\/wp-content\/uploads\/2023\/06\/DSC_0292-300x240.jpg\" alt=\"\" width=\"256\" height=\"205\" srcset=\"https:\/\/ami.mr\/fr\/wp-content\/uploads\/2023\/06\/DSC_0292-300x240.jpg 300w, https:\/\/ami.mr\/fr\/wp-content\/uploads\/2023\/06\/DSC_0292-1024x819.jpg 1024w, https:\/\/ami.mr\/fr\/wp-content\/uploads\/2023\/06\/DSC_0292-768x614.jpg 768w, https:\/\/ami.mr\/fr\/wp-content\/uploads\/2023\/06\/DSC_0292-1536x1229.jpg 1536w, https:\/\/ami.mr\/fr\/wp-content\/uploads\/2023\/06\/DSC_0292.jpg 1859w\" sizes=\"(max-width: 256px) 100vw, 256px\" \/><\/p>\n<p>Au cours de la c\u00e9r\u00e9monie d&#8217;installation, les 37 membres du conseil r\u00e9gional ont \u00e9lu les 5 adjoints de la pr\u00e9sidente. Il s&#8217;agit de:<\/p>\n<p>&#8211; 1er adjoint: Mme Hawa Sidi Bey<\/p>\n<p>&#8211; 2eme adjoint: M. Idoumou Abeidallah<\/p>\n<p>&#8211; 3eme adjoint: M. Beyrouck Ould Beyrouck<\/p>\n<p>&#8211; 4eme adjoint: M. Moussa Ould Soufi<\/p>\n<p>&#8211; 5eme adjoint: M. Ahmed Ould Salihi.<\/p>\n<p>Dans un mot prononc\u00e9 pour la circonstance, le ministre de l&#8217;Int\u00e9rieur et de la D\u00e9centralisation, a f\u00e9licit\u00e9 le Conseil pour avoir obtenu la confiance des citoyens, rappelant \u00e0 sa pr\u00e9sidente et \u00e0 ses membres l&#8217;ampleur de la responsabilit\u00e9 morale et politique qui leur incombe.<\/p>\n<p>Il a soulign\u00e9 que le Pr\u00e9sident de la R\u00e9publique, Son Excellence Monsieur Mohamed Ould Cheikh El Ghazouani a appel\u00e9 plus d&#8217;une fois dans ses discours \u00e0 rapprocher l&#8217;administration des populations, pr\u00e9cisant que la cr\u00e9ation d&#8217;un conseil national pour la d\u00e9centralisation et le d\u00e9veloppement local pr\u00e9sid\u00e9e par le Pr\u00e9sident de la R\u00e9publique constitue un int\u00e9r\u00eat particulier consacrant la d\u00e9centralisation comme choix fondamental dans la r\u00e9alisation du d\u00e9veloppement r\u00e9gional.<\/p>\n<p>Il a ajout\u00e9 que l&#8217;adoption d&#8217;une strat\u00e9gie nationale de la d\u00e9centralisation et du d\u00e9veloppement local et la r\u00e9forme du cadre institutionnel et juridique de la d\u00e9centralisation de m\u00eame que l&#8217;adoption imminente du code des collectivit\u00e9s r\u00e9gionales viennent en ex\u00e9cution de la part de la tutelle de cet int\u00e9r\u00eat et pour renforcer le processus de d\u00e9centralisation.<\/p>\n<p>Il a not\u00e9 que le Gouvernement consid\u00e8re \u00e0 sa juste valeur l&#8217;ampleur des d\u00e9fis auxquels font face les conseils r\u00e9gionaux et qu&#8217;il est d\u00e9termin\u00e9 \u00e0 aller de l&#8217;avant pour apporter l&#8217;appui et l&#8217;accompagnement n\u00e9cessaires \u00e0 ces conseils, \u00e0 travers les allocations financi\u00e8res qu&#8217;il leur accorde annuellement , dans le cadre du budget g\u00e9n\u00e9ral de l&#8217;Etat, ainsi qu&#8217;\u00e0 travers les larges pr\u00e9rogatives de gestion dont ils disposent pour qu&#8217;ils assument les missions que leur conf\u00e8re la loi .<\/p>\n<p>Il a rappel\u00e9 que l&#8217;actuel conseil r\u00e9gional comprend seize partis politique, gr\u00e2ce au syst\u00e8me de la proportionnelle qui permet une repr\u00e9sentation \u00e9gale aux voix obtenues.<\/p>\n<p>Il a pr\u00e9cis\u00e9 que la pr\u00e9sence d&#8217;un tel nombre de partis au sein du conseil r\u00e9gional permettra une plus plus grande dynamique au sein du conseil dans le but de de renforcer le contr\u00f4le sur les conseils r\u00e9gionaux et municipaux gr\u00e2ce au respect de la r\u00e9gularit\u00e9 des sessions et celui des comp\u00e9tences, contrairement \u00e0 ce qui se passait avant.<\/p>\n<p>Le ministre a exprim\u00e9 sa confiance en le conseil et en la volont\u00e9 de ses membres de placer toujours en premier lieu l&#8217;int\u00e9r\u00eat g\u00e9n\u00e9ral au dessus de toute autre consid\u00e9ration, les appelant \u00e0 avoir toujours \u00e0 l&#8217;esprit les espoirs que placent en eux les populations qui les ont \u00e9lus et de consid\u00e9rer qu&#8217;ils sont une partie de la solution \u00e0 tous probl\u00e8me qui se poserait au cours de leur mandat.<\/p>\n<p>Il les a aussi appel\u00e9s \u00e0 oublier leurs diff\u00e9rends politiques et leur appartenance aux diff\u00e9rents partis et \u00e0 axer plut\u00f4t leurs efforts pour d\u00e9velopper la capitale pour qu&#8217;elle retrouve la place qui lui convient.<\/p>\n<p>De son c\u00f4t\u00e9, la pr\u00e9sidente du conseil \u00e9lue a pass\u00e9 en revue un aper\u00e7u sur les principales r\u00e9alisations accomplies au cours de son mandat pass\u00e9, affirmant la volont\u00e9 du conseil \u00e0 continuer d\u2019\u0153uvrer au service des populations et \u00e0 mettre en place les bases d&#8217;un d\u00e9veloppement global et durable.<\/p>\n<p>Il est \u00e0 noter que le conseil r\u00e9gional de Nouakchott se compose de 37 conseillers r\u00e9partis ainsi qu&#8217;il suit: 13 pour le parti El Insaf, 7 pour Tewassoul, 2 pour chacun des partis suivants: le front de la r\u00e9publique pour l&#8217;Unit\u00e9 et la D\u00e9mocratie, Sawab, et l&#8217;Alliance Nationale D\u00e9mocratique, 1 conseiller pour chacun des partis El Islah, l&#8217;Union pour la planification et la construction, l&#8217;Alliance pour la Justice et la D\u00e9mocratie\/Mouvement du renouveau, l&#8217;Union pour la D\u00e9mocratie et le Progr\u00e8s, l&#8217;Unit\u00e9 et le D\u00e9veloppement , El Karama et Hatem.<\/p>\n<p>La c\u00e9r\u00e9monie d&#8217;installation s&#8217;est d\u00e9roul\u00e9e en pr\u00e9sence des walis de Nouakchott et de responsables au minist\u00e8re de l&#8217;Int\u00e9rieur et de la D\u00e9centralisation.<\/p>\n<\/div>\n<\/div>\n<\/div>\n","protected":false},"excerpt":{"rendered":"<p>Le ministre de l&#8217;Int\u00e9rieur et de la D\u00e9centralisation, M. Mohamed Ahmed Ould Mohamed Lemine, a supervis\u00e9, samedi \u00e0 Nouakchott, l&#8217;installation du conseil r\u00e9gional de Nouakchott conduit par Mme Vatimetou Mint Abdel Maleck. Au cours de la c\u00e9r\u00e9monie d&#8217;installation, les 37 membres du conseil r\u00e9gional ont \u00e9lu les 5 adjoints de la pr\u00e9sidente. Il s&#8217;agit de: [&hellip;]<\/p>\n","protected":false},"author":18,"featured_media":223520,"comment_status":"open","ping_status":"open","sticky":false,"template":"","format":"standard","meta":{"footnotes":""},"categories":[63918,63919,63957],"tags":[],"class_list":["post-223519","post","type-post","status-publish","format-standard","has-post-thumbnail","hentry","category-autres","category-choix-du-redacteur","category-fil-dactualite"],"_links":{"self":[{"href":"https:\/\/ami.mr\/fr\/wp-json\/wp\/v2\/posts\/223519","targetHints":{"allow":["GET"]}}],"collection":[{"href":"https:\/\/ami.mr\/fr\/wp-json\/wp\/v2\/posts"}],"about":[{"href":"https:\/\/ami.mr\/fr\/wp-json\/wp\/v2\/types\/post"}],"author":[{"embeddable":true,"href":"https:\/\/ami.mr\/fr\/wp-json\/wp\/v2\/users\/18"}],"replies":[{"embeddable":true,"href":"https:\/\/ami.mr\/fr\/wp-json\/wp\/v2\/comments?post=223519"}],"version-history":[{"count":3,"href":"https:\/\/ami.mr\/fr\/wp-json\/wp\/v2\/posts\/223519\/revisions"}],"predecessor-version":[{"id":223524,"href":"https:\/\/ami.mr\/fr\/wp-json\/wp\/v2\/posts\/223519\/revisions\/223524"}],"wp:featuredmedia":[{"embeddable":true,"href":"https:\/\/ami.mr\/fr\/wp-json\/wp\/v2\/media\/223520"}],"wp:attachment":[{"href":"https:\/\/ami.mr\/fr\/wp-json\/wp\/v2\/media?parent=223519"}],"wp:term":[{"taxonomy":"category","embeddable":true,"href":"https:\/\/ami.mr\/fr\/wp-json\/wp\/v2\/categories?post=223519"},{"taxonomy":"post_tag","embeddable":true,"href":"https:\/\/ami.mr\/fr\/wp-json\/wp\/v2\/tags?post=223519"}],"curies":[{"name":"wp","href":"https:\/\/api.w.org\/{rel}","templated":true}]}}