{"id":223308,"date":"2023-06-07T19:41:46","date_gmt":"2023-06-07T19:41:46","guid":{"rendered":"https:\/\/ami.mr\/fr\/?p=223308"},"modified":"2023-06-08T13:15:23","modified_gmt":"2023-06-08T13:15:23","slug":"le-ministre-des-affaires-economiques-la-mauritanie-sactive-pour-adherer-a-la-banque-asiatique-dinvestissement-pour-les-infrastructures","status":"publish","type":"post","link":"https:\/\/ami.mr\/fr\/archives\/223308","title":{"rendered":"Le ministre des Affaires \u00e9conomiques: \u00abLa Mauritanie s\u2019active pour adh\u00e9rer \u00e0 la Banque Asiatique d\u2019investissement pour les Infrastructures\u00bb"},"content":{"rendered":"<div class=\"row\">\n<div class=\"cell auto-size\">\n<div class=\"set-border bd-gray padding10 margin10 no-margin-right no-margin-left \" dir=\"ltr\">\n<p>Dans la salle de presse de l&#8217;Agence Mauritanienne d&#8217;Information, des membres du gouvernement ont comment\u00e9, mercredi apr\u00e8s-midi, les r\u00e9sultats du conseil des ministres qui s\u2019est d\u00e9roul\u00e9, t\u00f4t dans la matin\u00e9e. Il s\u2019agit des ministres de l\u2019\u00c9quipement et des Transports, porte-parole du gouvernement, M. Nany Ould Chrougha, des Affaires \u00e9conomiques et de la Promotion des Secteurs productifs, M. Ousmane Mamoudou Kane et de l\u2019Habitat, de l\u2019Urbanisme et de l\u2019Am\u00e9nagement du Territoire, M. Sid Ahmed Ould Mohamed.<\/p>\n<p>Le porte-parole du gouvernement a, dans son mot introductif, indiqu\u00e9 que le conseil a examin\u00e9 et adopt\u00e9 plusieurs projets de lois, de d\u00e9crets en plus de communications dont l\u2019approbation de la convention de financement sign\u00e9e entre la Mauritanie et le Fonds d\u2019Abu Dhabi pour le D\u00e9veloppement. Cette convention est destin\u00e9e au financement partiel du projet d\u2019adduction d\u2019eau des localit\u00e9s situ\u00e9es entre Gouraye et Kiffa.<\/p>\n<p><img decoding=\"async\" class=\" wp-image-223360 alignright\" src=\"https:\/\/ami.mr\/fr\/wp-content\/uploads\/2023\/06\/08-06-2023-54-300x300.jpg\" alt=\"\" width=\"213\" height=\"213\" srcset=\"https:\/\/ami.mr\/fr\/wp-content\/uploads\/2023\/06\/08-06-2023-54-300x300.jpg 300w, https:\/\/ami.mr\/fr\/wp-content\/uploads\/2023\/06\/08-06-2023-54-150x150.jpg 150w, https:\/\/ami.mr\/fr\/wp-content\/uploads\/2023\/06\/08-06-2023-54-768x768.jpg 768w, https:\/\/ami.mr\/fr\/wp-content\/uploads\/2023\/06\/08-06-2023-54.jpg 800w\" sizes=\"(max-width: 213px) 100vw, 213px\" \/>Prenant la parole,<span style=\"color: #0000ff;\"> le ministre des Affaires \u00e9conomiques<\/span>, M. Ousmane Mamoudou Kane, a indiqu\u00e9 que la contribution du Fonds D\u2019Abu Dhabi s\u2019\u00e9l\u00e8ve \u00e0 30 millions de dollars, soit 10 milliards d\u2019anciennes ouguiyas. Le projet consiste \u00e0 drainer l\u2019eau du fleuve jusqu\u2019\u00e0 la ville de Kiffa, en passant par plusieurs localit\u00e9s.<\/p>\n<p>Le ministre a rappel\u00e9 que le plan de financement pr\u00e9voit en plus de la Mauritanie, la participation de six institutions financi\u00e8res arabes et islamiques, dont cinq ont d\u00e9j\u00e0 sign\u00e9s des conventions approuv\u00e9es par leurs conseils d\u2019administration. Il a pr\u00e9cis\u00e9 que le financement est quasi-boucl\u00e9.<\/p>\n<p>Le ministre a par ailleurs pr\u00e9sent\u00e9 une communication relative au processus d\u2019adh\u00e9sion de la Mauritanie \u00e0 la Banque Asiatique d\u2019Investissement pour les Infrastructures (BAII), cr\u00e9\u00e9e en 2015 en Chine. \u00ab L\u2019adh\u00e9sion \u00e0 cette banque dont le capital est de 100 milliards de dollars est ouverte \u00e0 tous les pays membres de la Banque Mondiale \u00bb, a-t-il soulign\u00e9.<\/p>\n<p>Actuellement, la BAII a un portefeuille de plus de 200 projets, pour un volume de de financement de 47 milliards de dollars, a indiqu\u00e9 le ministre. Il a not\u00e9 que des pays africains ont commenc\u00e9 \u00e0 en b\u00e9n\u00e9ficier, et notre pays, \u00e0 son tour, compte y adh\u00e9rer, a-t-il r\u00e9v\u00e9l\u00e9.<\/p>\n<p>S\u2019agissant du processus, le ministre a rappel\u00e9 que le principe de l\u2019adh\u00e9sion \u00e0 cette banque a \u00e9t\u00e9 approuv\u00e9 par le conseil des gouverneurs de la banque en d\u00e9cembre dernier, soulignant qu\u2019une \u00e9tape a \u00e9t\u00e9 franchie aujourd\u2019hui, et que l\u2019action va se poursuivre pour parachever l\u2019adh\u00e9sion du pays \u00e0 cette institution financi\u00e8re. Le ministre a relev\u00e9 qu\u2019il ne s\u2019agit pas d\u2019apporter des financements concessionnels, car le statut du pays a \u00e9volu\u00e9, du fait de la bonne gestion du portefeuille de la dette.<\/p>\n<p>En r\u00e9ponse \u00e0 une question relative \u00e0 l\u2019approvisionnement en eau des r\u00e9gions du Nord, le ministre a soulign\u00e9 qu\u2019il s\u2019agit d\u2019un souci permanent, indiquant qu\u2019une option est en cours d\u2019\u00e9tude et qu\u2019un contrat \u00e0 cet effet a \u00e9t\u00e9 sign\u00e9 avec le bureau de recherche g\u00e9ologique des \u00c9tats Unis d\u2019Am\u00e9riques. \u00ab L\u2019espoir est permis \u00bb, a-t-il d\u00e9clar\u00e9.<\/p>\n<p><img decoding=\"async\" class=\" wp-image-223361 alignright\" src=\"https:\/\/ami.mr\/fr\/wp-content\/uploads\/2023\/06\/08-06-2023-53-300x300.jpg\" alt=\"\" width=\"213\" height=\"213\" srcset=\"https:\/\/ami.mr\/fr\/wp-content\/uploads\/2023\/06\/08-06-2023-53-300x300.jpg 300w, https:\/\/ami.mr\/fr\/wp-content\/uploads\/2023\/06\/08-06-2023-53-150x150.jpg 150w, https:\/\/ami.mr\/fr\/wp-content\/uploads\/2023\/06\/08-06-2023-53-768x768.jpg 768w, https:\/\/ami.mr\/fr\/wp-content\/uploads\/2023\/06\/08-06-2023-53.jpg 800w\" sizes=\"(max-width: 213px) 100vw, 213px\" \/>De son c\u00f4t\u00e9, <span style=\"color: #0000ff;\">le ministre de l\u2019Habitat<\/span> a fait le point sur les actions mises en \u0153uvre par son d\u00e9partement, pour reloger les populations de Nouakchott qui habitent dans des quartiers pr\u00e9caires. Il a indiqu\u00e9 que l\u2019\u00c9tat \u0153uvre, depuis l\u2019an dernier, pour pr\u00e9parer un nouvel espace \u00e0 Toujounine aux fins d\u2019accueillir les r\u00e9sidents des 28 regroupements d\u2019habitations anarchiques.<\/p>\n<p>\u00ab La zone a \u00e9t\u00e9 dot\u00e9e, a-t-il dit, de routes, d\u2019\u00e9clairage public, d\u2019\u00e9coles, de commissariats de police, entre autres services publics. L\u2019objectif est de proc\u00e9der aux op\u00e9rations de d\u00e9placement durant l\u2019\u00e9t\u00e9, de mani\u00e8re \u00e0 ne pas perturber la scolarit\u00e9 des enfants \u00bb.<\/p>\n<p>Le ministre a soulign\u00e9 que pr\u00e8s de dix mille m\u00e9nages sont concern\u00e9s par les op\u00e9rations de relogement, soit environ soixante mille personnes, soulignant que cette op\u00e9ration s\u2019inscrit dans le cadre des priorit\u00e9s du Pr\u00e9sident de la R\u00e9publique, qui consistent \u00e0 am\u00e9liorer les conditions de vie des citoyens.<\/p>\n<p>R\u00e9pondant \u00e0 une autre question, le ministre a rappel\u00e9 que la mission de son d\u00e9partement n\u2019est pas de distribuer des parcelles de terrain, mais d\u2019\u0153uvrer \u00e0 concevoir des villes modernes \u00e0 travers des lotissements suivant les normes et crit\u00e8res urbains requis.<\/p>\n<p><img decoding=\"async\" class=\" wp-image-223362 alignright\" src=\"https:\/\/ami.mr\/fr\/wp-content\/uploads\/2023\/06\/08-06-2023-52-300x300.jpg\" alt=\"\" width=\"213\" height=\"213\" srcset=\"https:\/\/ami.mr\/fr\/wp-content\/uploads\/2023\/06\/08-06-2023-52-300x300.jpg 300w, https:\/\/ami.mr\/fr\/wp-content\/uploads\/2023\/06\/08-06-2023-52-150x150.jpg 150w, https:\/\/ami.mr\/fr\/wp-content\/uploads\/2023\/06\/08-06-2023-52-768x768.jpg 768w, https:\/\/ami.mr\/fr\/wp-content\/uploads\/2023\/06\/08-06-2023-52.jpg 800w\" sizes=\"(max-width: 213px) 100vw, 213px\" \/>A son tour,<span style=\"color: #0000ff;\"> le porte-parole du gouvernement<\/span> a d\u00e9clar\u00e9 que l\u2019option d\u2019apaiser le climat politique est un choix strat\u00e9gique du Pr\u00e9sident de la R\u00e9publique, qui consiste \u00e0 privil\u00e9gier la voie de la concertation et \u00e0 se concentrer sur l\u2019essentiel tout en tenant compte du cadre juridique et r\u00e8glementaire.<\/p>\n<p>Pour ce qui est de la visite que Son Excellence Monsieur le Pr\u00e9sident de la R\u00e9publique, Monsieur Mohamed Ould Cheikh El Ghazouani vient d\u2019effectuer en R\u00e9publique arabe d\u2019Egypte sur invitation de son homologue Abdel Fettah Al Sissi, le porte-parole du gouvernement a affirm\u00e9 qu\u2019elle a \u00e9t\u00e9 une r\u00e9ussite, \u00e0 la hauteur des liens d\u2019amiti\u00e9s et de fraternit\u00e9 existants entre les deux pays.<\/p>\n<p>Au sujet de la rupture, ces derniers jours, des services de l\u2019internet, M. le ministre a indiqu\u00e9 que la loi permet aux autorit\u00e9s s\u00e9curitaires de demander \u00e0 l\u2019autorit\u00e9 de r\u00e9gulation des t\u00e9l\u00e9communications d\u2019interrompre les prestations que les op\u00e9rateurs fournissent quand la s\u00e9curit\u00e9 publique l\u2019exige.<\/p>\n<p>Le porte-parole a en outre fait le point sur l\u2019\u00e9tat d\u2019avancement des projets de constructions des ponts de Haye Saken et Bamako. S\u2019agissant du premier, le contrat qui avait \u00e9t\u00e9 attribu\u00e9e \u00e0 une entreprise, a \u00e9t\u00e9 r\u00e9sili\u00e9 pour non-respect des engagements. Un nouvel appel d\u2019offres a \u00e9t\u00e9 fait et une autre soci\u00e9t\u00e9 est actuellement en charge de l\u2019ex\u00e9cution du projet et la r\u00e9ception de l\u2019ouvrage est pr\u00e9vue pour 2024.<\/p>\n<p>&#8220;Le pont Bamako dont les travaux ont \u00e9t\u00e9 interrompus pendant quatre mois, avait n\u00e9cessit\u00e9 des \u00e9tudes compl\u00e9mentaires avant la reprise de sa construction qui sera achev\u00e9e en octobre prochain&#8221;, a d\u00e9clar\u00e9 le porte-parole du gouvernement.<\/p>\n<\/div>\n<\/div>\n<\/div>\n","protected":false},"excerpt":{"rendered":"<p>Dans la salle de presse de l&#8217;Agence Mauritanienne d&#8217;Information, des membres du gouvernement ont comment\u00e9, mercredi apr\u00e8s-midi, les r\u00e9sultats du conseil des ministres qui s\u2019est d\u00e9roul\u00e9, t\u00f4t dans la matin\u00e9e. Il s\u2019agit des ministres de l\u2019\u00c9quipement et des Transports, porte-parole du gouvernement, M. Nany Ould Chrougha, des Affaires \u00e9conomiques et de la Promotion des Secteurs [&hellip;]<\/p>\n","protected":false},"author":8,"featured_media":223309,"comment_status":"open","ping_status":"open","sticky":false,"template":"","format":"standard","meta":{"footnotes":""},"categories":[63957,63959,63921,63927],"tags":[],"class_list":["post-223308","post","type-post","status-publish","format-standard","has-post-thumbnail","hentry","category-fil-dactualite","category-mauritanie","category-slider-afficher","category-slider-mauritanie"],"_links":{"self":[{"href":"https:\/\/ami.mr\/fr\/wp-json\/wp\/v2\/posts\/223308","targetHints":{"allow":["GET"]}}],"collection":[{"href":"https:\/\/ami.mr\/fr\/wp-json\/wp\/v2\/posts"}],"about":[{"href":"https:\/\/ami.mr\/fr\/wp-json\/wp\/v2\/types\/post"}],"author":[{"embeddable":true,"href":"https:\/\/ami.mr\/fr\/wp-json\/wp\/v2\/users\/8"}],"replies":[{"embeddable":true,"href":"https:\/\/ami.mr\/fr\/wp-json\/wp\/v2\/comments?post=223308"}],"version-history":[{"count":6,"href":"https:\/\/ami.mr\/fr\/wp-json\/wp\/v2\/posts\/223308\/revisions"}],"predecessor-version":[{"id":223364,"href":"https:\/\/ami.mr\/fr\/wp-json\/wp\/v2\/posts\/223308\/revisions\/223364"}],"wp:featuredmedia":[{"embeddable":true,"href":"https:\/\/ami.mr\/fr\/wp-json\/wp\/v2\/media\/223309"}],"wp:attachment":[{"href":"https:\/\/ami.mr\/fr\/wp-json\/wp\/v2\/media?parent=223308"}],"wp:term":[{"taxonomy":"category","embeddable":true,"href":"https:\/\/ami.mr\/fr\/wp-json\/wp\/v2\/categories?post=223308"},{"taxonomy":"post_tag","embeddable":true,"href":"https:\/\/ami.mr\/fr\/wp-json\/wp\/v2\/tags?post=223308"}],"curies":[{"name":"wp","href":"https:\/\/api.w.org\/{rel}","templated":true}]}}