{"id":223270,"date":"2023-06-06T21:53:58","date_gmt":"2023-06-06T21:53:58","guid":{"rendered":"https:\/\/ami.mr\/fr\/?p=223270"},"modified":"2023-06-06T21:53:58","modified_gmt":"2023-06-06T21:53:58","slug":"soiree-culturelle-a-zouerate-pour-promouvoir-lunite-nationale","status":"publish","type":"post","link":"https:\/\/ami.mr\/fr\/archives\/223270","title":{"rendered":"Soir\u00e9e culturelle \u00e0 Zouerate pour promouvoir l&#8217;unit\u00e9 nationale"},"content":{"rendered":"<p>Zouerate a abrit\u00e9, lundi soir, une soir\u00e9e culturelle dont le contenu met en exergue l&#8217;importance de l&#8217;unit\u00e9 nationale et le r\u00f4le qui incombe \u00e0 chaque citoyen dans sa pr\u00e9servation ainsi que dans la diffusion de la culture de la coexistence pacifique et de la tol\u00e9rance ainsi que le rejet des discours de la haine, de la violence et de la discorde.<\/p>\n<p>La soir\u00e9e organis\u00e9e par \u00ab l&#8217;Initiative Jeunesse Tiris Zemmour \u00bb en coop\u00e9ration avec la d\u00e9l\u00e9gation r\u00e9gionale du minist\u00e8re de la Culture, de la Jeunesse, des Sports et des Relations avec le Parlement, a \u00e9t\u00e9 \u00e9maill\u00e9e par des conf\u00e9rences et des repr\u00e9sentations th\u00e9\u00e2trales qui mettent l&#8217;accent sur l&#8217;importance de la participation de tous les citoyens au maintien de la s\u00e9curit\u00e9 et la tranquillit\u00e9 et leur r\u00f4le dans la diffusion de la culture de fraternit\u00e9 et de l\u2019entraide entre tous les membres de la soci\u00e9t\u00e9.<\/p>\n<p>Les conf\u00e9rences ont mis en \u00e9vidence la n\u00e9cessit\u00e9 de faire face \u00e0 tout ce qui peut conduire \u00e0 la division de la soci\u00e9t\u00e9 mauritanienne dont le secret de la force r\u00e9side dans sa diversit\u00e9 culturelle.<\/p>\n<p>La soir\u00e9e s\u2019est d\u00e9roul\u00e9e en pr\u00e9sence d&#8217;un groupe de cadres et d&#8217;activistes de la soci\u00e9t\u00e9 civile et de plusieurs personnes qui s\u2019int\u00e9ressent aux questions de la jeunesse.<\/p>\n<p>&nbsp;<\/p>\n","protected":false},"excerpt":{"rendered":"<p>Zouerate a abrit\u00e9, lundi soir, une soir\u00e9e culturelle dont le contenu met en exergue l&#8217;importance de l&#8217;unit\u00e9 nationale et le r\u00f4le qui incombe \u00e0 chaque citoyen dans sa pr\u00e9servation ainsi que dans la diffusion de la culture de la coexistence pacifique et de la tol\u00e9rance ainsi que le rejet des discours de la haine, de [&hellip;]<\/p>\n","protected":false},"author":13,"featured_media":223273,"comment_status":"open","ping_status":"open","sticky":false,"template":"","format":"standard","meta":{"footnotes":""},"categories":[63918,63919,63957,63923],"tags":[],"class_list":["post-223270","post","type-post","status-publish","format-standard","has-post-thumbnail","hentry","category-autres","category-choix-du-redacteur","category-fil-dactualite","category-slider-wilayas"],"_links":{"self":[{"href":"https:\/\/ami.mr\/fr\/wp-json\/wp\/v2\/posts\/223270","targetHints":{"allow":["GET"]}}],"collection":[{"href":"https:\/\/ami.mr\/fr\/wp-json\/wp\/v2\/posts"}],"about":[{"href":"https:\/\/ami.mr\/fr\/wp-json\/wp\/v2\/types\/post"}],"author":[{"embeddable":true,"href":"https:\/\/ami.mr\/fr\/wp-json\/wp\/v2\/users\/13"}],"replies":[{"embeddable":true,"href":"https:\/\/ami.mr\/fr\/wp-json\/wp\/v2\/comments?post=223270"}],"version-history":[{"count":1,"href":"https:\/\/ami.mr\/fr\/wp-json\/wp\/v2\/posts\/223270\/revisions"}],"predecessor-version":[{"id":223275,"href":"https:\/\/ami.mr\/fr\/wp-json\/wp\/v2\/posts\/223270\/revisions\/223275"}],"wp:featuredmedia":[{"embeddable":true,"href":"https:\/\/ami.mr\/fr\/wp-json\/wp\/v2\/media\/223273"}],"wp:attachment":[{"href":"https:\/\/ami.mr\/fr\/wp-json\/wp\/v2\/media?parent=223270"}],"wp:term":[{"taxonomy":"category","embeddable":true,"href":"https:\/\/ami.mr\/fr\/wp-json\/wp\/v2\/categories?post=223270"},{"taxonomy":"post_tag","embeddable":true,"href":"https:\/\/ami.mr\/fr\/wp-json\/wp\/v2\/tags?post=223270"}],"curies":[{"name":"wp","href":"https:\/\/api.w.org\/{rel}","templated":true}]}}