{"id":223261,"date":"2023-06-06T21:45:01","date_gmt":"2023-06-06T21:45:01","guid":{"rendered":"https:\/\/ami.mr\/fr\/?p=223261"},"modified":"2023-06-06T21:45:01","modified_gmt":"2023-06-06T21:45:01","slug":"assaba-formation-de-cent-jeunes-sur-la-gestion-des-crises","status":"publish","type":"post","link":"https:\/\/ami.mr\/fr\/archives\/223261","title":{"rendered":"Assaba : Formation de cent jeunes sur la gestion des crises"},"content":{"rendered":"<div class=\"cell auto-size\">\n<div class=\"set-border bd-gray padding10 margin10 no-margin-right no-margin-left \" dir=\"ltr\">\n<p>Au total cent jeunes volontaires de l\u2019Assaba participent depuis, mardi \u00e0 Kiffa) d\u2019une formation sur la gestion de crise et l\u2019intervention en cas de catastrophes naturelles et d\u2019accidents, organis\u00e9e par le programme national de volontariat en coop\u00e9ration avec la direction r\u00e9gionale de la s\u00e9curit\u00e9 civile et de la gestion des crises.<\/p>\n<p>Supervisant l\u2019\u00e9v\u00e8nement, le directeur de cabinet du wali de l\u2019Assaba, M. Ahmed Bezid Ould Ahmed Yacoub, a pr\u00e9cis\u00e9 que cette activit\u00e9 confirme que la mise en \u0153uvre des engagements de Son Excellence le Pr\u00e9sident de la R\u00e9publique, Monsieur Mohamed Ould Cheikh Ghazouani, notamment ceux relatifs \u00e0 la promotion du service civil volontaire et \u00e0 la consolidation de l\u2019esprit citoyen, de l\u2019altruisme et du patriotisme chez les jeunes. \u00ab Ces priorit\u00e9s figurent dans le gouvernement de Son Excellence le Premier ministre, Monsieur Mohamed Bilal Massoud \u00bb.<\/p>\n<p>M. Ould Ahmed Yacooub a, \u00e9galement, exhort\u00e9 les participants \u00e0 faire preuve et de responsabilit\u00e9, \u00e0 saisir l\u2019occasion d\u2019obtenir une bonne formation, \u00e0 travailler plus que jamais avec diligence et sinc\u00e9rit\u00e9 pour servir le pays et la soci\u00e9t\u00e9, et \u00e0 contribuer de leur position \u00e0 promouvoir la stabilit\u00e9 et le d\u00e9veloppement du pays et \u00e0 immuniser les jeunes contre les risques et l\u2019exploitation qui le menacent.<\/p>\n<p>Pour sa part, le coordinateur du programme national de volontariat, M.Ahmedou Ould Abderrahmane, a soulign\u00e9 que le choix de ces jeunes dans cette session de formation a \u00e9t\u00e9 soigneusement effectu\u00e9 en concertation avec l\u2019administration r\u00e9gionale du minist\u00e8re de la Culture, de la Jeunesse et des Sports et des Relations avec le Parlement parmi les jeunes leaders enthousiastes du volontariat et jaloux de servir le pays pour repr\u00e9senter les cinq moughataas de la wilaya : Kiffa, Krou, Boumedid, Kankousa et Bark\u00e9ol.<\/p>\n<\/div>\n<\/div>\n","protected":false},"excerpt":{"rendered":"<p>Au total cent jeunes volontaires de l\u2019Assaba participent depuis, mardi \u00e0 Kiffa) d\u2019une formation sur la gestion de crise et l\u2019intervention en cas de catastrophes naturelles et d\u2019accidents, organis\u00e9e par le programme national de volontariat en coop\u00e9ration avec la direction r\u00e9gionale de la s\u00e9curit\u00e9 civile et de la gestion des crises. Supervisant l\u2019\u00e9v\u00e8nement, le directeur [&hellip;]<\/p>\n","protected":false},"author":13,"featured_media":223263,"comment_status":"open","ping_status":"open","sticky":false,"template":"","format":"standard","meta":{"footnotes":""},"categories":[63918,63919,63957,63923],"tags":[],"class_list":["post-223261","post","type-post","status-publish","format-standard","has-post-thumbnail","hentry","category-autres","category-choix-du-redacteur","category-fil-dactualite","category-slider-wilayas"],"_links":{"self":[{"href":"https:\/\/ami.mr\/fr\/wp-json\/wp\/v2\/posts\/223261","targetHints":{"allow":["GET"]}}],"collection":[{"href":"https:\/\/ami.mr\/fr\/wp-json\/wp\/v2\/posts"}],"about":[{"href":"https:\/\/ami.mr\/fr\/wp-json\/wp\/v2\/types\/post"}],"author":[{"embeddable":true,"href":"https:\/\/ami.mr\/fr\/wp-json\/wp\/v2\/users\/13"}],"replies":[{"embeddable":true,"href":"https:\/\/ami.mr\/fr\/wp-json\/wp\/v2\/comments?post=223261"}],"version-history":[{"count":1,"href":"https:\/\/ami.mr\/fr\/wp-json\/wp\/v2\/posts\/223261\/revisions"}],"predecessor-version":[{"id":223266,"href":"https:\/\/ami.mr\/fr\/wp-json\/wp\/v2\/posts\/223261\/revisions\/223266"}],"wp:featuredmedia":[{"embeddable":true,"href":"https:\/\/ami.mr\/fr\/wp-json\/wp\/v2\/media\/223263"}],"wp:attachment":[{"href":"https:\/\/ami.mr\/fr\/wp-json\/wp\/v2\/media?parent=223261"}],"wp:term":[{"taxonomy":"category","embeddable":true,"href":"https:\/\/ami.mr\/fr\/wp-json\/wp\/v2\/categories?post=223261"},{"taxonomy":"post_tag","embeddable":true,"href":"https:\/\/ami.mr\/fr\/wp-json\/wp\/v2\/tags?post=223261"}],"curies":[{"name":"wp","href":"https:\/\/api.w.org\/{rel}","templated":true}]}}