{"id":223258,"date":"2023-06-06T20:29:27","date_gmt":"2023-06-06T20:29:27","guid":{"rendered":"https:\/\/ami.mr\/fr\/?p=223258"},"modified":"2023-06-06T20:29:27","modified_gmt":"2023-06-06T20:29:27","slug":"signature-dun-memorandum-dentente-entre-le-commissariat-aux-droits-de-lhomme-et-concord-radis-international","status":"publish","type":"post","link":"https:\/\/ami.mr\/fr\/archives\/223258","title":{"rendered":"Signature d\u2019un m\u00e9morandum d\u2019entente entre le commissariat aux Droits de l\u2019Homme et Concord Radis International"},"content":{"rendered":"<div class=\"cell auto-size\">\n<div class=\"set-border bd-gray padding10 margin10 no-margin-right no-margin-left \" dir=\"ltr\">\n<p>Le commissaire aux Droits de l&#8217;Homme, \u00e0 l&#8217;Action humanitaire et aux Relations avec la Soci\u00e9t\u00e9 civile, M. Cheikh Ahmedou Ould Ahmed Salem Ould Sidi, a sign\u00e9, mardi apr\u00e8s-midi au si\u00e8ge du commissariat \u00e0 Nouakchott, avec le directeur ex\u00e9cutif de l&#8217;organisation \u00abConcord Radis International\u00bb, M. Peter Marsden, un m\u00e9morandum d\u2019entente entre le commissariat et cette organisation internationale.<\/p>\n<p>Ce m\u00e9morandum pr\u00e9voit une coop\u00e9ration entre les deux parties dans le domaine du renforcement de la coh\u00e9sion sociale par la formation d&#8217;associations locales en mati\u00e8re de pr\u00e9vention et de r\u00e9solution des conflits, et la mise en \u0153uvre de programmes g\u00e9n\u00e9rateurs de revenus.<\/p>\n<p>La signature du m\u00e9morandum a eu lieu en pr\u00e9sence du commissaire adjoint, M. Rassoul Ould El Khal, du directeur du d\u00e9partement Droits de l&#8217;Homme, M. Sidi Mohamed Ould Limam, du directeur du d\u00e9partement Action humanitaire, M. El Ghotob Ould Houeriya, et M. Mohamed Seyed Ould Boumediene, chef de projet de l\u2019organisation internationale Concord Radis.<\/p>\n<\/div>\n<\/div>\n","protected":false},"excerpt":{"rendered":"<p>Le commissaire aux Droits de l&#8217;Homme, \u00e0 l&#8217;Action humanitaire et aux Relations avec la Soci\u00e9t\u00e9 civile, M. Cheikh Ahmedou Ould Ahmed Salem Ould Sidi, a sign\u00e9, mardi apr\u00e8s-midi au si\u00e8ge du commissariat \u00e0 Nouakchott, avec le directeur ex\u00e9cutif de l&#8217;organisation \u00abConcord Radis International\u00bb, M. Peter Marsden, un m\u00e9morandum d\u2019entente entre le commissariat et cette organisation [&hellip;]<\/p>\n","protected":false},"author":13,"featured_media":223259,"comment_status":"open","ping_status":"open","sticky":false,"template":"","format":"standard","meta":{"footnotes":""},"categories":[63920,63919,63957,63959,63927],"tags":[],"class_list":["post-223258","post","type-post","status-publish","format-standard","has-post-thumbnail","hentry","category-a-la-une","category-choix-du-redacteur","category-fil-dactualite","category-mauritanie","category-slider-mauritanie"],"_links":{"self":[{"href":"https:\/\/ami.mr\/fr\/wp-json\/wp\/v2\/posts\/223258","targetHints":{"allow":["GET"]}}],"collection":[{"href":"https:\/\/ami.mr\/fr\/wp-json\/wp\/v2\/posts"}],"about":[{"href":"https:\/\/ami.mr\/fr\/wp-json\/wp\/v2\/types\/post"}],"author":[{"embeddable":true,"href":"https:\/\/ami.mr\/fr\/wp-json\/wp\/v2\/users\/13"}],"replies":[{"embeddable":true,"href":"https:\/\/ami.mr\/fr\/wp-json\/wp\/v2\/comments?post=223258"}],"version-history":[{"count":1,"href":"https:\/\/ami.mr\/fr\/wp-json\/wp\/v2\/posts\/223258\/revisions"}],"predecessor-version":[{"id":223260,"href":"https:\/\/ami.mr\/fr\/wp-json\/wp\/v2\/posts\/223258\/revisions\/223260"}],"wp:featuredmedia":[{"embeddable":true,"href":"https:\/\/ami.mr\/fr\/wp-json\/wp\/v2\/media\/223259"}],"wp:attachment":[{"href":"https:\/\/ami.mr\/fr\/wp-json\/wp\/v2\/media?parent=223258"}],"wp:term":[{"taxonomy":"category","embeddable":true,"href":"https:\/\/ami.mr\/fr\/wp-json\/wp\/v2\/categories?post=223258"},{"taxonomy":"post_tag","embeddable":true,"href":"https:\/\/ami.mr\/fr\/wp-json\/wp\/v2\/tags?post=223258"}],"curies":[{"name":"wp","href":"https:\/\/api.w.org\/{rel}","templated":true}]}}