{"id":223252,"date":"2023-06-06T19:44:09","date_gmt":"2023-06-06T19:44:09","guid":{"rendered":"https:\/\/ami.mr\/fr\/?p=223252"},"modified":"2023-06-07T15:19:38","modified_gmt":"2023-06-07T15:19:38","slug":"la-societe-tdm-lance-une-journee-de-sensibilisation-sur-la-diffusion-numerique-terrestre","status":"publish","type":"post","link":"https:\/\/ami.mr\/fr\/archives\/223252","title":{"rendered":"La soci\u00e9t\u00e9 TDM lance une journ\u00e9e de sensibilisation sur la diffusion num\u00e9rique terrestre"},"content":{"rendered":"<div class=\"cell auto-size\">\n<div class=\"set-border bd-gray padding10 margin10 no-margin-right no-margin-left \" dir=\"ltr\">\n<p>Le ministre de la Culture, de la Jeunesse, des Sports et des Relations avec le Parlement, M. Mohamed Ould Soueidatt, accompagn\u00e9 du ministre de la Transformation Num\u00e9rique, de l&#8217;Innovation et de la Modernisation de l&#8217;Administration, M. El Mokhtar Ahmed El Yedali, a supervis\u00e9 mardi, \u00e0 l&#8217;h\u00f4tel Mauri- Centre \u00e0 Nouakchott, l&#8217;ouverture d&#8217;une journ\u00e9e de sensibilisation sur le lancement du processus d\u2019exploitation de la diffusion num\u00e9rique terrestre, organis\u00e9e par la Soci\u00e9t\u00e9 mauritanienne de T\u00e9l\u00e9diffusion.<\/p>\n<p>Le ministre de la Culture a indiqu\u00e9, \u00e0 cette occasion, que les engagements de Son Excellence le Pr\u00e9sident de la R\u00e9publique, M. Mohamed Ould Cheikh El Ghazouani, repr\u00e9sentent une base solide dans ce contexte, puisqu&#8217;il a exhort\u00e9 \u00e0 l&#8217;exploitation et \u00e0 l&#8217;investissement de tous les outils technologiques dans les batailles de la libert\u00e9 et du d\u00e9veloppement, soulignant que son dernier tweet \u00e0 l&#8217;occasion de la Journ\u00e9e internationale de l&#8217;innovation en est la meilleure preuve.<\/p>\n<p>Le ministre a ajout\u00e9 que le gouvernement de Son Excellence le Premier Ministre Mohamed Ould Bilal Ould Messoud s&#8217;est efforc\u00e9 de concr\u00e9tiser cette vision afin de parvenir \u00e0 une politique de d\u00e9veloppement qui r\u00e9ponde \u00e0 un certain nombre d&#8217;objectifs, dont le plus important est d&#8217;assurer la compatibilit\u00e9 du syst\u00e8me audiovisuel national avec les nouvelles normes r\u00e9gissant le d\u00e9veloppement des technologies de l&#8217;information et de la communication.<\/p>\n<p>Quant au directeur g\u00e9n\u00e9ral de la Soci\u00e9t\u00e9 TDM, le Dr Mohamed Ould Sid Ahmed Vall, dit Bouyati, il a affirm\u00e9 que le gouvernement a d\u00e9cid\u00e9, sous les directives du Pr\u00e9sident de la R\u00e9publique, d\u2019accompagner le rythme d\u2019\u00e9volution de la communaut\u00e9 internationale dans le domaine de la t\u00e9l\u00e9vision num\u00e9rique terrestre, devenue aujourd&#8217;hui un choix strat\u00e9gique pour tous les pays.<\/p>\n<p>Il a exprim\u00e9 le v\u0153u de voir les id\u00e9es et opinions de l&#8217;\u00e9lite de sp\u00e9cialistes participant \u00e0 cette rencontre contribuer \u00e0 cristalliser les \u00e9tapes restantes du chemin tant attendues dans le pays depuis de nombreuses ann\u00e9es et qui ont commenc\u00e9 \u00e0 poindre \u00e0 l&#8217;horizon en cette \u00e8re b\u00e9nie.<\/p>\n<p>La c\u00e9r\u00e9monie s&#8217;est d\u00e9roul\u00e9e en pr\u00e9sence d&#8217;un repr\u00e9sentant de la Haute Autorit\u00e9 de la Presse et de l\u2019Audiovisuel et de directeurs d&#8217;institutions m\u00e9diatiques publiques.<\/p>\n<\/div>\n<\/div>\n","protected":false},"excerpt":{"rendered":"<p>Le ministre de la Culture, de la Jeunesse, des Sports et des Relations avec le Parlement, M. Mohamed Ould Soueidatt, accompagn\u00e9 du ministre de la Transformation Num\u00e9rique, de l&#8217;Innovation et de la Modernisation de l&#8217;Administration, M. El Mokhtar Ahmed El Yedali, a supervis\u00e9 mardi, \u00e0 l&#8217;h\u00f4tel Mauri- Centre \u00e0 Nouakchott, l&#8217;ouverture d&#8217;une journ\u00e9e de sensibilisation [&hellip;]<\/p>\n","protected":false},"author":13,"featured_media":223295,"comment_status":"open","ping_status":"open","sticky":false,"template":"","format":"standard","meta":{"footnotes":""},"categories":[63920,63919,104,63957,63924,63927],"tags":[],"class_list":["post-223252","post","type-post","status-publish","format-standard","has-post-thumbnail","hentry","category-a-la-une","category-choix-du-redacteur","category-104","category-fil-dactualite","category-slider-culture","category-slider-mauritanie"],"_links":{"self":[{"href":"https:\/\/ami.mr\/fr\/wp-json\/wp\/v2\/posts\/223252","targetHints":{"allow":["GET"]}}],"collection":[{"href":"https:\/\/ami.mr\/fr\/wp-json\/wp\/v2\/posts"}],"about":[{"href":"https:\/\/ami.mr\/fr\/wp-json\/wp\/v2\/types\/post"}],"author":[{"embeddable":true,"href":"https:\/\/ami.mr\/fr\/wp-json\/wp\/v2\/users\/13"}],"replies":[{"embeddable":true,"href":"https:\/\/ami.mr\/fr\/wp-json\/wp\/v2\/comments?post=223252"}],"version-history":[{"count":1,"href":"https:\/\/ami.mr\/fr\/wp-json\/wp\/v2\/posts\/223252\/revisions"}],"predecessor-version":[{"id":223254,"href":"https:\/\/ami.mr\/fr\/wp-json\/wp\/v2\/posts\/223252\/revisions\/223254"}],"wp:featuredmedia":[{"embeddable":true,"href":"https:\/\/ami.mr\/fr\/wp-json\/wp\/v2\/media\/223295"}],"wp:attachment":[{"href":"https:\/\/ami.mr\/fr\/wp-json\/wp\/v2\/media?parent=223252"}],"wp:term":[{"taxonomy":"category","embeddable":true,"href":"https:\/\/ami.mr\/fr\/wp-json\/wp\/v2\/categories?post=223252"},{"taxonomy":"post_tag","embeddable":true,"href":"https:\/\/ami.mr\/fr\/wp-json\/wp\/v2\/tags?post=223252"}],"curies":[{"name":"wp","href":"https:\/\/api.w.org\/{rel}","templated":true}]}}