{"id":223236,"date":"2023-06-06T20:10:59","date_gmt":"2023-06-06T20:10:59","guid":{"rendered":"https:\/\/ami.mr\/fr\/?p=223236"},"modified":"2023-06-06T20:10:59","modified_gmt":"2023-06-06T20:10:59","slug":"atelier-de-sensibilisation-des-militaires-de-la-force-conjointe-sur-la-judiciarisation-du-champ-des-operations","status":"publish","type":"post","link":"https:\/\/ami.mr\/fr\/archives\/223236","title":{"rendered":"Atelier de sensibilisation des militaires de la force conjointe sur la judiciarisation du champ des op\u00e9rations"},"content":{"rendered":"<div class=\"cell auto-size\">\n<div class=\"set-border bd-gray padding10 margin10 no-margin-right no-margin-left \" dir=\"ltr\">\n<p>Le Haut-Commissariat des Nations Unies aux droits de l\u2019homme (HCDH) en collaboration avec le Secr\u00e9tariat Ex\u00e9cutif et la Force conjointe du G5 Sahel, a Organis\u00e9 un atelier de sensibilisation des militaires de la force conjointe du G5 Sahel sur la judiciarisation du champ des op\u00e9rations au profit des militaires de la Force conjointe, les pr\u00e9v\u00f4ts ainsi que les membres de l&#8217;Unit\u00e9 d&#8217;investigation sp\u00e9cialis\u00e9e, du 6 au 8 juin 2023, \u00e0 Nouakchott.<\/p>\n<p>Cet atelier a pour objective sensibiliser les acteurs nationaux sur l&#8217;importance de la judiciarisation du champ des op\u00e9rations et le r\u00f4le des pr\u00e9v\u00f4ts d\u00e9ploy\u00e9s au sein de la FC-G5S, pour renforcer le respect des droits humains et du droit international humanitaire lors des op\u00e9rations militaires de la Force conjointe du G5 Sahel.<\/p>\n<p>Dans son discours le secr\u00e9taire g\u00e9n\u00e9ral du minist\u00e8re de la d\u00e9fense nationale,\u00a0 G\u00e9n\u00e9ral de division Souleymane Ould Ahmed Ould Ebouda a d\u00e9clar\u00e9 que ce cadre d&#8217;\u00e9changes s&#8217;inscrit en parfaite ad\u00e9quation avec la feuille de route de la pr\u00e9sidence mauritanienne du G5 Sahel qui, conform\u00e9ment aux orientations de Son Excellence Monsieur Mohamed Ould Cheikh El Ghazouani, Pr\u00e9sident de la R\u00e9publique, Pr\u00e9sident en exercice du G5 Sahel, promeut le renforcement des m\u00e9canismes de pr\u00e9vention et d&#8217;investigation sur les atteintes aux droits humains. C&#8217;est ici l&#8217;occasion de saluer le soutien apport\u00e9 par le Haut-commissariat des Nations Unies aux Droits de l&#8217;Homme pour la tenue du pr\u00e9sent atelier et, plus g\u00e9n\u00e9ralement, l&#8217;appui de l&#8217;ensemble des partenaires techniques et financiers.<\/p>\n<p>Il a ajout\u00e9 que le pr\u00e9sent atelier offre un cadre de dialogue visant \u00e0 mieux appr\u00e9hender l&#8217;importance du concept de judiciarisation et les responsabilit\u00e9s qui incombent \u00e0 chacun des acteurs sur le terrain.<\/p>\n<p>De son c\u00f4t\u00e9 le secr\u00e9taire ex\u00e9cutif du G5 Sahel M. \u00c9ric Tiare a rappel\u00e9 la constance de la vision de la Pr\u00e9sidence Mauritanienne et des Chefs d\u2019\u00c9tat du G5 Sahel \u00e0 inscrire la lutte contre le terrorisme dans le strict respect des droits humains. En effet, au cours du sommet des Chefs d\u2019\u00c9tat tenu ici \u00e0 Nouakchott le 30 juin 2020, les Chefs d&#8217;Etat du G5 Sahel ont renouvel\u00e9 leur engagement \u00e0 ne tol\u00e9rer aucune violation des droits de l&#8217;homme, et du droit international humanitaire. A cet effet, ils se sont engag\u00e9s \u00e0 renforcer la judiciarisation des champs des op\u00e9rations, notamment en poursuivant la mont\u00e9e en puissance de la composante pr\u00e9v\u00f4tale des arm\u00e9es nationales et de la Force conjointe, de m\u00eame que l&#8217;adh\u00e9sion de l&#8217;ensemble des forces de promotion de d\u00e9fense et de s\u00e9curit\u00e9 au Cadre de conformit\u00e9 en mati\u00e8re des Droits de l&#8217;homme.<\/p>\n<p>Il a ajout\u00e9 que l&#8217;objectif d&#8217;appui \u00e0 l&#8217;action militaire assign\u00e9 \u00e0 la composante police de la Force conjointe dans son concept strat\u00e9gique d&#8217;op\u00e9ration (CONOPS) connait un d\u00e9but d&#8217;op\u00e9rationnalisation qui s&#8217;observe \u00e0 travers le nombre croissant de personnes captur\u00e9es mises \u00e0 la disposition des Unit\u00e9s d&#8217;investigations sp\u00e9cialis\u00e9es (UIS) ayant fait l&#8217;objet de proc\u00e9dures \u00e9tablies et transmises aux P\u00f4les judiciaires sp\u00e9cialis\u00e9s des \u00c9tats du G5 Sahel.<\/p>\n<p>De son c\u00f4t\u00e9 la repr\u00e9sentante de la cellule de conseil et de coordination de l\u2019UE au Sahel, Mme Simonetta Silvestri a d\u00e9clar\u00e9 que depuis plusieurs ann\u00e9es la r\u00e9gion du Sahel est confront\u00e9e \u00e0 des d\u00e9fis majeurs en mati\u00e8re de s\u00e9curit\u00e9. Face \u00e0 ces d\u00e9fis, l&#8217;Union europ\u00e9enne se tient aux cot\u00e9s des pays du Sahel \u00e0 travers plusieurs initiatives.<\/p>\n<p>Depuis f\u00e9vrier 2018, l&#8217;Union europ\u00e9enne soutient financi\u00e8rement le Haut-Commissariat des Nations Unies aux Droits de l&#8217;Homme (HCDH) en appui \u00e0 la Force conjointe dans la mise en \u0153uvre d&#8217;un Cadre de conformit\u00e9 aux droits de l&#8217;homme au droit international humanitaire.<\/p>\n<p>Depuis 2020, la Cellule de Conseil et Coordination de l&#8217;UE au Sahel a promu l&#8217;importance de la judiciarisation des op\u00e9rations militaires de la FC-G5 Sahel et en 2021.<\/p>\n<p>De son c\u00f4t\u00e9 le Repr\u00e9sentant du Haut-un Commissariat des Nations Unies aux Droits Humains en R\u00e9publique Islamique de Mauritanie M. Atta Ange Fran\u00e7ois a d\u00e9clar\u00e9 que les op\u00e9rations militaires de la Force conjointe ne se limitent pas, uniquement \u00e0 la neutralisation des groupes arm\u00e9s et \u00e0 la s\u00e9curisation des populations. En vertu de la r\u00e9solution 2391 (2017) du Conseil de s\u00e9curit\u00e9 des Nations Unies, le HCDH appui la Force conjointe du G5 Sahel dans la mise en \u0153uvre d\u2019un Cadre de conformit\u00e9 aux droits humains, au droit international humanitaire et au droit des r\u00e9fugi\u00e9es.<\/p>\n<p>Cette judiciarisation qui rel\u00e8ve principalement de la composante police de la FC-G5S, fait intervenir plusieurs acteurs incluant les militaires des bataillons en op\u00e9rations, les pr\u00e9v\u00f4ts int\u00e9gr\u00e9s aux bataillons, les Unit\u00e9s d\u2019Investigation Sp\u00e9cialis\u00e9es (UIS) et les magistrats des p\u00f4les judiciaires sp\u00e9cialis\u00e9s (PJS) en mati\u00e8re de lutte contre le terrorisme et la criminalit\u00e9 transnationale organis\u00e9e.<\/p>\n<p>La r\u00e9ussite de la judiciarisation du champ des op\u00e9rations d\u00e9pend donc de la parfaite collaboration de tous les acteurs impliqu\u00e9s. Il est alors important que les acteurs cl\u00e9s que sont les militaires et les membres de la composante police partagent la m\u00eame compr\u00e9hension des objectifs et du processus de judiciarisation du champ des op\u00e9rations, afin de mieux collaborer lors de sa mise en \u0153uvre.<\/p>\n<\/div>\n<\/div>\n","protected":false},"excerpt":{"rendered":"<p>Le Haut-Commissariat des Nations Unies aux droits de l\u2019homme (HCDH) en collaboration avec le Secr\u00e9tariat Ex\u00e9cutif et la Force conjointe du G5 Sahel, a Organis\u00e9 un atelier de sensibilisation des militaires de la force conjointe du G5 Sahel sur la judiciarisation du champ des op\u00e9rations au profit des militaires de la Force conjointe, les pr\u00e9v\u00f4ts [&hellip;]<\/p>\n","protected":false},"author":13,"featured_media":223255,"comment_status":"open","ping_status":"open","sticky":false,"template":"","format":"standard","meta":{"footnotes":""},"categories":[63918,63919,63957,63959,63927],"tags":[],"class_list":["post-223236","post","type-post","status-publish","format-standard","has-post-thumbnail","hentry","category-autres","category-choix-du-redacteur","category-fil-dactualite","category-mauritanie","category-slider-mauritanie"],"_links":{"self":[{"href":"https:\/\/ami.mr\/fr\/wp-json\/wp\/v2\/posts\/223236","targetHints":{"allow":["GET"]}}],"collection":[{"href":"https:\/\/ami.mr\/fr\/wp-json\/wp\/v2\/posts"}],"about":[{"href":"https:\/\/ami.mr\/fr\/wp-json\/wp\/v2\/types\/post"}],"author":[{"embeddable":true,"href":"https:\/\/ami.mr\/fr\/wp-json\/wp\/v2\/users\/13"}],"replies":[{"embeddable":true,"href":"https:\/\/ami.mr\/fr\/wp-json\/wp\/v2\/comments?post=223236"}],"version-history":[{"count":1,"href":"https:\/\/ami.mr\/fr\/wp-json\/wp\/v2\/posts\/223236\/revisions"}],"predecessor-version":[{"id":223256,"href":"https:\/\/ami.mr\/fr\/wp-json\/wp\/v2\/posts\/223236\/revisions\/223256"}],"wp:featuredmedia":[{"embeddable":true,"href":"https:\/\/ami.mr\/fr\/wp-json\/wp\/v2\/media\/223255"}],"wp:attachment":[{"href":"https:\/\/ami.mr\/fr\/wp-json\/wp\/v2\/media?parent=223236"}],"wp:term":[{"taxonomy":"category","embeddable":true,"href":"https:\/\/ami.mr\/fr\/wp-json\/wp\/v2\/categories?post=223236"},{"taxonomy":"post_tag","embeddable":true,"href":"https:\/\/ami.mr\/fr\/wp-json\/wp\/v2\/tags?post=223236"}],"curies":[{"name":"wp","href":"https:\/\/api.w.org\/{rel}","templated":true}]}}