{"id":223234,"date":"2023-06-06T19:05:38","date_gmt":"2023-06-06T19:05:38","guid":{"rendered":"https:\/\/ami.mr\/fr\/?p=223234"},"modified":"2023-06-06T19:05:38","modified_gmt":"2023-06-06T19:05:38","slug":"lancement-de-la-deuxieme-phase-du-programme-national-de-financement-des-activites-productives","status":"publish","type":"post","link":"https:\/\/ami.mr\/fr\/archives\/223234","title":{"rendered":"Lancement de la deuxi\u00e8me phase du programme national de financement des activit\u00e9s productives"},"content":{"rendered":"<div class=\"cell auto-size\">\n<div class=\"set-border bd-gray padding10 margin10 no-margin-right no-margin-left \" dir=\"ltr\">\n<p>Un accord de partenariat entre la D\u00e9l\u00e9gation g\u00e9n\u00e9rale \u00e0 la Solidarit\u00e9 nationale et \u00e0 la Lutte contre l\u2019Exclusion(TAAZOUR) et le R\u00e9seau des Caisses d\u2019\u00c9pargne et de Cr\u00e9dit (CAPEC) portant sur le lancement de la deuxi\u00e8me phase du programme national de financement des activit\u00e9s productives 2023-2024 a \u00e9t\u00e9 sign\u00e9, mardi, par le d\u00e9l\u00e9gu\u00e9 Taazour, M. Mohamed Ali Ould Sidi Mohamed et la directrice g\u00e9n\u00e9ral des CAPEC, Mme Nebghouha Mint Tlamid.<\/p>\n<p>Le programme pr\u00e9voit le financement des activit\u00e9s g\u00e9n\u00e9ratrices de revenu, des pr\u00eats concessionnels et le soutien des activit\u00e9s associatives pour un montant de 4750000000(quatre milliards sept cent cinquante mille Ouguiyas).<\/p>\n<p>Ce financement a \u00e9t\u00e9 mobilis\u00e9 par TAAZOUR pour soutenir les capacit\u00e9s \u00e9conomiques des groupes vuln\u00e9rables dans la mise en \u0153uvre des engagements de Son Excellence le Pr\u00e9sident de la R\u00e9publique, Monsieur Mohamed Ould Cheikh Ghazouani, ce qui permettra la cr\u00e9ation de milliers d\u2019opportunit\u00e9s d\u2019emplois directs aux familles n\u00e9cessiteuses, et le double indirectement. Ceux-ci toucheront toutes les municipalit\u00e9s du pays.<\/p>\n<p>S\u2019exprimant \u00e0 cette occasion, M. Ould Sidi Mohamed a pr\u00e9cis\u00e9 que cet accord permettra aux b\u00e9n\u00e9ficiaires du financement, gr\u00e2ce \u00e0 la large pr\u00e9sence de l\u2019institution des CAPEC dans diverses r\u00e9gions du pays, d\u2019obtenir les financements qui leur sont accord\u00e9s dans leurs lieux de r\u00e9sidence de mani\u00e8re transparente et fluide, ce qui contribuera in\u00e9vitablement \u00e0 am\u00e9liorer les conditions de vie des citoyens les plus vuln\u00e9rables et \u00e0 promouvoir le d\u00e9veloppement local au niveau municipal.<\/p>\n<p>Au sujet des domaines d\u2019intervention de sa d\u00e9l\u00e9gation, le d\u00e9l\u00e9gu\u00e9 a pr\u00e9cis\u00e9 que sa cr\u00e9ation intervient en r\u00e9ponse aux engagements du Pr\u00e9sident de la R\u00e9publique, Monsieur Mohamed Ould Cheikh El Ghazouani, visant \u00e0 trouver des solutions s\u00e9rieuses aux dilemmes de la pauvret\u00e9, de la marginalisation et de l\u2019exclusion, \u00e0 aider les groupes les plus vuln\u00e9rables \u00e0 \u00e9manciper \u00e9conomiquement et socialement, et \u00e0 cr\u00e9er un d\u00e9veloppement int\u00e9gr\u00e9 dans notre pays.<\/p>\n<p>Il a ajout\u00e9 que les interventions de sa d\u00e9l\u00e9gation au cours des derni\u00e8res ann\u00e9es ont permis l\u2019am\u00e9lioration des conditions des citoyens \u00e0 diff\u00e9rents niveaux en construisant des dizaines d\u2019\u00e9tablissements d\u2019enseignement et de sant\u00e9 dans les zones les plus fragiles du pays, en alimentant de nombreuses zones n\u00e9cessiteuses en eau et en \u00e9lectricit\u00e9, et en construisant des barrages et des digues.<\/p>\n<p>Parlant de l\u2019habitat, M. Ould Sidi Mohamed a soulign\u00e9 que son institution \u0153uvre pour le lancement de 1932 logements sociaux dans le cadre d\u2019un ambitieux programme de logement social dans le pays, et un grand nombre de ces logements sont en voie d\u2019ach\u00e8vement, en plus d\u2019accorder \u00e0 100 000 familles n\u00e9cessiteuses dans diverses r\u00e9gions du pays une assurance maladie compl\u00e8te, de fournir un grand nombre de pr\u00eats \u00e0 taux r\u00e9duit et de financer des activit\u00e9s g\u00e9n\u00e9ratrices de revenus.<\/p>\n<p>S\u2019agissant du soutien des coop\u00e9ratives productives, le d\u00e9l\u00e9gu\u00e9 a soulign\u00e9 que toutes les municipalit\u00e9s du territoire national ont b\u00e9n\u00e9fici\u00e9 de cet appui dont l\u2019apport est important dans l\u2019am\u00e9lioration des conditions de vie des personnes les plus vuln\u00e9rables du pays.<\/p>\n<\/div>\n<\/div>\n","protected":false},"excerpt":{"rendered":"<p>Un accord de partenariat entre la D\u00e9l\u00e9gation g\u00e9n\u00e9rale \u00e0 la Solidarit\u00e9 nationale et \u00e0 la Lutte contre l\u2019Exclusion(TAAZOUR) et le R\u00e9seau des Caisses d\u2019\u00c9pargne et de Cr\u00e9dit (CAPEC) portant sur le lancement de la deuxi\u00e8me phase du programme national de financement des activit\u00e9s productives 2023-2024 a \u00e9t\u00e9 sign\u00e9, mardi, par le d\u00e9l\u00e9gu\u00e9 Taazour, M. Mohamed [&hellip;]<\/p>\n","protected":false},"author":13,"featured_media":223240,"comment_status":"open","ping_status":"open","sticky":false,"template":"","format":"standard","meta":{"footnotes":""},"categories":[63920,63919,63957,63959,63927],"tags":[],"class_list":["post-223234","post","type-post","status-publish","format-standard","has-post-thumbnail","hentry","category-a-la-une","category-choix-du-redacteur","category-fil-dactualite","category-mauritanie","category-slider-mauritanie"],"_links":{"self":[{"href":"https:\/\/ami.mr\/fr\/wp-json\/wp\/v2\/posts\/223234","targetHints":{"allow":["GET"]}}],"collection":[{"href":"https:\/\/ami.mr\/fr\/wp-json\/wp\/v2\/posts"}],"about":[{"href":"https:\/\/ami.mr\/fr\/wp-json\/wp\/v2\/types\/post"}],"author":[{"embeddable":true,"href":"https:\/\/ami.mr\/fr\/wp-json\/wp\/v2\/users\/13"}],"replies":[{"embeddable":true,"href":"https:\/\/ami.mr\/fr\/wp-json\/wp\/v2\/comments?post=223234"}],"version-history":[{"count":1,"href":"https:\/\/ami.mr\/fr\/wp-json\/wp\/v2\/posts\/223234\/revisions"}],"predecessor-version":[{"id":223241,"href":"https:\/\/ami.mr\/fr\/wp-json\/wp\/v2\/posts\/223234\/revisions\/223241"}],"wp:featuredmedia":[{"embeddable":true,"href":"https:\/\/ami.mr\/fr\/wp-json\/wp\/v2\/media\/223240"}],"wp:attachment":[{"href":"https:\/\/ami.mr\/fr\/wp-json\/wp\/v2\/media?parent=223234"}],"wp:term":[{"taxonomy":"category","embeddable":true,"href":"https:\/\/ami.mr\/fr\/wp-json\/wp\/v2\/categories?post=223234"},{"taxonomy":"post_tag","embeddable":true,"href":"https:\/\/ami.mr\/fr\/wp-json\/wp\/v2\/tags?post=223234"}],"curies":[{"name":"wp","href":"https:\/\/api.w.org\/{rel}","templated":true}]}}