{"id":223135,"date":"2023-06-05T20:26:06","date_gmt":"2023-06-05T20:26:06","guid":{"rendered":"https:\/\/ami.mr\/fr\/?p=223135"},"modified":"2023-06-05T20:26:06","modified_gmt":"2023-06-05T20:26:06","slug":"italie-la-mauritanie-participe-a-rome-a-une-conference-de-haut-niveau-sur-les-changements-climatiques-et-la-protection-civile","status":"publish","type":"post","link":"https:\/\/ami.mr\/fr\/archives\/223135","title":{"rendered":"Italie : La Mauritanie participe \u00e0 Rome \u00e0 une conf\u00e9rence de haut niveau sur les changements climatiques et la protection civile"},"content":{"rendered":"<div class=\"cell auto-size\">\n<div class=\"set-border bd-gray padding10 margin10 no-margin-right no-margin-left \" dir=\"ltr\">\n<p>Notre pays participe du 5 au 7 juin \u00e0 Rome, aux travaux de la 2\u00e8me conf\u00e9rence de haut niveau sur les changements climatiques et la protection civile, organis\u00e9e en coop\u00e9ration entre l&#8217;Union europ\u00e9enne et l&#8217;Union pour la M\u00e9diterran\u00e9e.<\/p>\n<p>Notre pays est repr\u00e9sent\u00e9 aux travaux de cette importante rencontre internationale, par le g\u00e9n\u00e9ral de division, Khattar Ould Mohamed Mbareck, d\u00e9l\u00e9gu\u00e9 g\u00e9n\u00e9ral \u00e0 la S\u00e9curit\u00e9 civile et \u00e0 la Gestion des Crises.<\/p>\n<p>La r\u00e9union vise \u00e0 mettre en place un m\u00e9canisme de dialogue r\u00e9gional sur la gestion des catastrophes et l&#8217;activation de la coop\u00e9ration entre les pays situ\u00e9s dans le bassin m\u00e9diterran\u00e9en dans les domaines de la pr\u00e9vention, de l&#8217;alerte pr\u00e9coce et de la formation en plus de la formation d\u2019\u00e9quipes de volontaires pr\u00eates \u00e0 r\u00e9pondre aux catastrophes multiples et croissantes dans la r\u00e9gion.<\/p>\n<p>En plus de ce qui pr\u00e9c\u00e8de, la conf\u00e9rence vise \u00e9galement \u00e0 renforcer les comp\u00e9tences dans les domaines de la pr\u00e9vention, de l&#8217;alerte pr\u00e9coce, de la r\u00e9ponse aux catastrophes et \u00e0 d\u00e9velopper la coop\u00e9ration bilat\u00e9rale entre les pays du bassin m\u00e9diterran\u00e9en.<\/p>\n<p>Elle vise \u00e9galement \u00e0 cr\u00e9er un centre commun d&#8217;alerte pr\u00e9coce, p\u00f4les d&#8217;experts en plus du renforcement du r\u00e9seau de points de contact et la mise en place d&#8217;un centre r\u00e9gional de volontaires dans les domaines li\u00e9s \u00e0 la s\u00e9curit\u00e9 civile et \u00e0 la gestion des crises dans les pays concern\u00e9s.<\/p>\n<\/div>\n<\/div>\n","protected":false},"excerpt":{"rendered":"<p>Notre pays participe du 5 au 7 juin \u00e0 Rome, aux travaux de la 2\u00e8me conf\u00e9rence de haut niveau sur les changements climatiques et la protection civile, organis\u00e9e en coop\u00e9ration entre l&#8217;Union europ\u00e9enne et l&#8217;Union pour la M\u00e9diterran\u00e9e. Notre pays est repr\u00e9sent\u00e9 aux travaux de cette importante rencontre internationale, par le g\u00e9n\u00e9ral de division, Khattar [&hellip;]<\/p>\n","protected":false},"author":13,"featured_media":223141,"comment_status":"open","ping_status":"open","sticky":false,"template":"","format":"standard","meta":{"footnotes":""},"categories":[63918,63919,63957,63959,63927],"tags":[],"class_list":["post-223135","post","type-post","status-publish","format-standard","has-post-thumbnail","hentry","category-autres","category-choix-du-redacteur","category-fil-dactualite","category-mauritanie","category-slider-mauritanie"],"_links":{"self":[{"href":"https:\/\/ami.mr\/fr\/wp-json\/wp\/v2\/posts\/223135","targetHints":{"allow":["GET"]}}],"collection":[{"href":"https:\/\/ami.mr\/fr\/wp-json\/wp\/v2\/posts"}],"about":[{"href":"https:\/\/ami.mr\/fr\/wp-json\/wp\/v2\/types\/post"}],"author":[{"embeddable":true,"href":"https:\/\/ami.mr\/fr\/wp-json\/wp\/v2\/users\/13"}],"replies":[{"embeddable":true,"href":"https:\/\/ami.mr\/fr\/wp-json\/wp\/v2\/comments?post=223135"}],"version-history":[{"count":1,"href":"https:\/\/ami.mr\/fr\/wp-json\/wp\/v2\/posts\/223135\/revisions"}],"predecessor-version":[{"id":223143,"href":"https:\/\/ami.mr\/fr\/wp-json\/wp\/v2\/posts\/223135\/revisions\/223143"}],"wp:featuredmedia":[{"embeddable":true,"href":"https:\/\/ami.mr\/fr\/wp-json\/wp\/v2\/media\/223141"}],"wp:attachment":[{"href":"https:\/\/ami.mr\/fr\/wp-json\/wp\/v2\/media?parent=223135"}],"wp:term":[{"taxonomy":"category","embeddable":true,"href":"https:\/\/ami.mr\/fr\/wp-json\/wp\/v2\/categories?post=223135"},{"taxonomy":"post_tag","embeddable":true,"href":"https:\/\/ami.mr\/fr\/wp-json\/wp\/v2\/tags?post=223135"}],"curies":[{"name":"wp","href":"https:\/\/api.w.org\/{rel}","templated":true}]}}