{"id":223129,"date":"2023-06-05T19:37:28","date_gmt":"2023-06-05T19:37:28","guid":{"rendered":"https:\/\/ami.mr\/fr\/?p=223129"},"modified":"2023-06-05T19:37:28","modified_gmt":"2023-06-05T19:37:28","slug":"le-wali-de-lassaba-appelle-a-consolider-la-cohesion-nationale","status":"publish","type":"post","link":"https:\/\/ami.mr\/fr\/archives\/223129","title":{"rendered":"Le wali de l\u2019Assaba appelle \u00e0 consolider la coh\u00e9sion nationale"},"content":{"rendered":"<div class=\"cell auto-size\">\n<div class=\"set-border bd-gray padding10 margin10 no-margin-right no-margin-left \" dir=\"ltr\">\n<p>Le wali de l\u2019Assaba, M. Abderrahmane Ould El Hassen, a tenu, lundi \u00e0 Kiffa, une r\u00e9union avec les diff\u00e9rents acteurs dans la Wilaya pour les exhorter \u00e0 lutter contre le discours de la haine et de d\u00e9fendre, avec tous les moyens disponibles, l\u2019unit\u00e9 nationale.<\/p>\n<p>Dans un mot prononc\u00e9 pour la circonstance, le wali a appel\u00e9 \u00e0 utiliser la loi pour obtenir tous droits et \u00e9viter tout comportement qui peut conduire \u00e0 la violence, ajoutant que \u2018\u2019s\u2019il y a des individus qui incitent \u00e0 la violence, \u00e0 la haine, \u00e0 la propagation des rumeurs, il est du devoir de l\u2019\u00e9lite politique, de la soci\u00e9t\u00e9 civile, des intellectuels de leur barrer le chemin\u2019\u2019, a \u2013 t \u2013 il martel\u00e9.<\/p>\n<p>De leur c\u00f4t\u00e9, les participants \u00e0 la r\u00e9union ont r\u00e9affirm\u00e9 leur disponibilit\u00e9 \u00e0 contribuer \u00e0 la sensibilisation des populations autour de la gravit\u00e9 de suivre les rumeurs et de bafouer les lois en vigueur qui garantissent la stabilit\u00e9 et \u00e0 la s\u00e9curit\u00e9 du pays.<\/p>\n<p>Ont assist\u00e9 \u00e0 la r\u00e9union la hakem de Kiffa et les autorit\u00e9s administratives et s\u00e9curitaires de la Wilaya.<\/p>\n<\/div>\n<\/div>\n","protected":false},"excerpt":{"rendered":"<p>Le wali de l\u2019Assaba, M. Abderrahmane Ould El Hassen, a tenu, lundi \u00e0 Kiffa, une r\u00e9union avec les diff\u00e9rents acteurs dans la Wilaya pour les exhorter \u00e0 lutter contre le discours de la haine et de d\u00e9fendre, avec tous les moyens disponibles, l\u2019unit\u00e9 nationale. Dans un mot prononc\u00e9 pour la circonstance, le wali a appel\u00e9 [&hellip;]<\/p>\n","protected":false},"author":13,"featured_media":223130,"comment_status":"open","ping_status":"open","sticky":false,"template":"","format":"standard","meta":{"footnotes":""},"categories":[63918,63919,63957,63923,8672],"tags":[],"class_list":["post-223129","post","type-post","status-publish","format-standard","has-post-thumbnail","hentry","category-autres","category-choix-du-redacteur","category-fil-dactualite","category-slider-wilayas","category-8672"],"_links":{"self":[{"href":"https:\/\/ami.mr\/fr\/wp-json\/wp\/v2\/posts\/223129","targetHints":{"allow":["GET"]}}],"collection":[{"href":"https:\/\/ami.mr\/fr\/wp-json\/wp\/v2\/posts"}],"about":[{"href":"https:\/\/ami.mr\/fr\/wp-json\/wp\/v2\/types\/post"}],"author":[{"embeddable":true,"href":"https:\/\/ami.mr\/fr\/wp-json\/wp\/v2\/users\/13"}],"replies":[{"embeddable":true,"href":"https:\/\/ami.mr\/fr\/wp-json\/wp\/v2\/comments?post=223129"}],"version-history":[{"count":1,"href":"https:\/\/ami.mr\/fr\/wp-json\/wp\/v2\/posts\/223129\/revisions"}],"predecessor-version":[{"id":223131,"href":"https:\/\/ami.mr\/fr\/wp-json\/wp\/v2\/posts\/223129\/revisions\/223131"}],"wp:featuredmedia":[{"embeddable":true,"href":"https:\/\/ami.mr\/fr\/wp-json\/wp\/v2\/media\/223130"}],"wp:attachment":[{"href":"https:\/\/ami.mr\/fr\/wp-json\/wp\/v2\/media?parent=223129"}],"wp:term":[{"taxonomy":"category","embeddable":true,"href":"https:\/\/ami.mr\/fr\/wp-json\/wp\/v2\/categories?post=223129"},{"taxonomy":"post_tag","embeddable":true,"href":"https:\/\/ami.mr\/fr\/wp-json\/wp\/v2\/tags?post=223129"}],"curies":[{"name":"wp","href":"https:\/\/api.w.org\/{rel}","templated":true}]}}