{"id":222896,"date":"2023-05-31T22:16:10","date_gmt":"2023-05-31T22:16:10","guid":{"rendered":"https:\/\/ami.mr\/fr\/?p=222896"},"modified":"2023-05-31T22:32:11","modified_gmt":"2023-05-31T22:32:11","slug":"zouerate-fin-de-lannee-scolaire-pour-les-personnes-handicapees","status":"publish","type":"post","link":"https:\/\/ami.mr\/fr\/archives\/222896","title":{"rendered":"Zouerate : Fin de l\u2019ann\u00e9e scolaire pour les personnes handicap\u00e9es"},"content":{"rendered":"<div class=\"cell auto-size\">\n<div class=\"set-border bd-gray padding10 margin10 no-margin-right no-margin-left \" dir=\"ltr\">\n<p>Le Centre de Formation et de Promotion sociale des Enfants handicap\u00e9s a organis\u00e9, mercredi matin, \u00e0 la Nouvelle Maison de la Jeunesse de la ville de Zouerate une c\u00e9r\u00e9monie \u00e0 l\u2019occasion de la fin de l\u2019ann\u00e9e scolaire pour les enfants handicap\u00e9s.<\/p>\n<p>Dans son mot pour la circonstance, la directrice r\u00e9gionale de l\u2019Action sociale, de l\u2019Enfance et de la Famille, Mme Fatma Mint Elemine a f\u00e9licit\u00e9 les m\u00e8res d\u2019enfants handicap\u00e9s pour la c\u00e9l\u00e9bration pour la deuxi\u00e8me fois cons\u00e9cutive la fin de l\u2019ann\u00e9e scolaire.<\/p>\n<p>Elle a soulign\u00e9 que les enfants affili\u00e9s au centre re\u00e7oivent des encouragements du minist\u00e8re.<\/p>\n<p>Pour sa part, la responsable du Centre, Mme Nina Mint Abdi, a remerci\u00e9 l\u2019Association des m\u00e8res autistes et le Coordinateur r\u00e9gional pour les personnes handicap\u00e9es, pour avoir suivi le rythme du travail du centre afin d\u2019atteindre les objectifs fix\u00e9s par les autorit\u00e9s sup\u00e9rieures.<\/p>\n<p>De son c\u00f4t\u00e9, la pr\u00e9sidente de l\u2019association des m\u00e8res des enfants du centre, Mme Nevissa Mint Sgha\u00eer, a salu\u00e9 l\u2019organisation de cette c\u00e9r\u00e9monie et a formul\u00e9 une s\u00e9rie de revendications, notamment la fourniture de moyens de transport aux \u00e9l\u00e8ves du centre et l\u2019augmentation du nombre d\u2019enseignants.<\/p>\n<p>La c\u00e9r\u00e9monie de cl\u00f4ture a \u00e9t\u00e9 marqu\u00e9e par la remise de prix d\u2019incitation aux \u00e9tudiants du centre.<\/p>\n<p>La c\u00e9r\u00e9monie s\u2019est d\u00e9roul\u00e9e en pr\u00e9sence du conseiller du wali de Tiris Zemmour en charge des affaires politiques et sociales et le maire de Zouerate.<\/p>\n<p>&nbsp;<\/p>\n<\/div>\n<p>&nbsp;<\/p>\n<\/div>\n","protected":false},"excerpt":{"rendered":"<p>Le Centre de Formation et de Promotion sociale des Enfants handicap\u00e9s a organis\u00e9, mercredi matin, \u00e0 la Nouvelle Maison de la Jeunesse de la ville de Zouerate une c\u00e9r\u00e9monie \u00e0 l\u2019occasion de la fin de l\u2019ann\u00e9e scolaire pour les enfants handicap\u00e9s. Dans son mot pour la circonstance, la directrice r\u00e9gionale de l\u2019Action sociale, de l\u2019Enfance [&hellip;]<\/p>\n","protected":false},"author":13,"featured_media":222898,"comment_status":"open","ping_status":"open","sticky":false,"template":"","format":"standard","meta":{"footnotes":""},"categories":[63918,63919,63957,63923,8672],"tags":[],"class_list":["post-222896","post","type-post","status-publish","format-standard","has-post-thumbnail","hentry","category-autres","category-choix-du-redacteur","category-fil-dactualite","category-slider-wilayas","category-8672"],"_links":{"self":[{"href":"https:\/\/ami.mr\/fr\/wp-json\/wp\/v2\/posts\/222896","targetHints":{"allow":["GET"]}}],"collection":[{"href":"https:\/\/ami.mr\/fr\/wp-json\/wp\/v2\/posts"}],"about":[{"href":"https:\/\/ami.mr\/fr\/wp-json\/wp\/v2\/types\/post"}],"author":[{"embeddable":true,"href":"https:\/\/ami.mr\/fr\/wp-json\/wp\/v2\/users\/13"}],"replies":[{"embeddable":true,"href":"https:\/\/ami.mr\/fr\/wp-json\/wp\/v2\/comments?post=222896"}],"version-history":[{"count":3,"href":"https:\/\/ami.mr\/fr\/wp-json\/wp\/v2\/posts\/222896\/revisions"}],"predecessor-version":[{"id":222905,"href":"https:\/\/ami.mr\/fr\/wp-json\/wp\/v2\/posts\/222896\/revisions\/222905"}],"wp:featuredmedia":[{"embeddable":true,"href":"https:\/\/ami.mr\/fr\/wp-json\/wp\/v2\/media\/222898"}],"wp:attachment":[{"href":"https:\/\/ami.mr\/fr\/wp-json\/wp\/v2\/media?parent=222896"}],"wp:term":[{"taxonomy":"category","embeddable":true,"href":"https:\/\/ami.mr\/fr\/wp-json\/wp\/v2\/categories?post=222896"},{"taxonomy":"post_tag","embeddable":true,"href":"https:\/\/ami.mr\/fr\/wp-json\/wp\/v2\/tags?post=222896"}],"curies":[{"name":"wp","href":"https:\/\/api.w.org\/{rel}","templated":true}]}}