{"id":222790,"date":"2023-05-30T18:32:19","date_gmt":"2023-05-30T18:32:19","guid":{"rendered":"https:\/\/ami.mr\/fr\/?p=222790"},"modified":"2023-05-30T18:32:19","modified_gmt":"2023-05-30T18:32:19","slug":"le-ministre-du-petrole-recoit-lambassadrice-allemande-3","status":"publish","type":"post","link":"https:\/\/ami.mr\/fr\/archives\/222790","title":{"rendered":"Le ministre du P\u00e9trole re\u00e7oit l\u2019ambassadrice allemande"},"content":{"rendered":"<p>Le ministre du P\u00e9trole, des Mines et de l\u2019Energie, M. Abdesselam Ould Mohamed Saleh, a re\u00e7u en audience, mardi \u00e0 Nouakchott, SE Mme Isabelle Henin, ambassadrice de la R\u00e9publique F\u00e9d\u00e9rale d\u2019Allemagne accr\u00e9dit\u00e9e en Mauritanie.<\/p>\n<p>La r\u00e9union a port\u00e9 sur les relations de coop\u00e9ration entre les deux pays amis et les moyens susceptibles de les booster, en particulier, dans le domaine du p\u00e9trole, des mines et de l\u2019\u00e9nergie.<\/p>\n","protected":false},"excerpt":{"rendered":"<p>Le ministre du P\u00e9trole, des Mines et de l\u2019Energie, M. Abdesselam Ould Mohamed Saleh, a re\u00e7u en audience, mardi \u00e0 Nouakchott, SE Mme Isabelle Henin, ambassadrice de la R\u00e9publique F\u00e9d\u00e9rale d\u2019Allemagne accr\u00e9dit\u00e9e en Mauritanie. La r\u00e9union a port\u00e9 sur les relations de coop\u00e9ration entre les deux pays amis et les moyens susceptibles de les booster, [&hellip;]<\/p>\n","protected":false},"author":13,"featured_media":222791,"comment_status":"open","ping_status":"open","sticky":false,"template":"","format":"standard","meta":{"footnotes":""},"categories":[63918,63919,63957,63959,63927],"tags":[],"class_list":["post-222790","post","type-post","status-publish","format-standard","has-post-thumbnail","hentry","category-autres","category-choix-du-redacteur","category-fil-dactualite","category-mauritanie","category-slider-mauritanie"],"_links":{"self":[{"href":"https:\/\/ami.mr\/fr\/wp-json\/wp\/v2\/posts\/222790","targetHints":{"allow":["GET"]}}],"collection":[{"href":"https:\/\/ami.mr\/fr\/wp-json\/wp\/v2\/posts"}],"about":[{"href":"https:\/\/ami.mr\/fr\/wp-json\/wp\/v2\/types\/post"}],"author":[{"embeddable":true,"href":"https:\/\/ami.mr\/fr\/wp-json\/wp\/v2\/users\/13"}],"replies":[{"embeddable":true,"href":"https:\/\/ami.mr\/fr\/wp-json\/wp\/v2\/comments?post=222790"}],"version-history":[{"count":1,"href":"https:\/\/ami.mr\/fr\/wp-json\/wp\/v2\/posts\/222790\/revisions"}],"predecessor-version":[{"id":222792,"href":"https:\/\/ami.mr\/fr\/wp-json\/wp\/v2\/posts\/222790\/revisions\/222792"}],"wp:featuredmedia":[{"embeddable":true,"href":"https:\/\/ami.mr\/fr\/wp-json\/wp\/v2\/media\/222791"}],"wp:attachment":[{"href":"https:\/\/ami.mr\/fr\/wp-json\/wp\/v2\/media?parent=222790"}],"wp:term":[{"taxonomy":"category","embeddable":true,"href":"https:\/\/ami.mr\/fr\/wp-json\/wp\/v2\/categories?post=222790"},{"taxonomy":"post_tag","embeddable":true,"href":"https:\/\/ami.mr\/fr\/wp-json\/wp\/v2\/tags?post=222790"}],"curies":[{"name":"wp","href":"https:\/\/api.w.org\/{rel}","templated":true}]}}