{"id":222777,"date":"2023-05-30T18:33:07","date_gmt":"2023-05-30T18:33:07","guid":{"rendered":"https:\/\/ami.mr\/fr\/?p=222777"},"modified":"2023-05-30T19:33:34","modified_gmt":"2023-05-30T19:33:34","slug":"le-premier-ministre-preside-une-reunion-du-comite-ministeriel-de-suivi-de-la-couverture-des-communications-radio-et-television-dans-les-zones-frontalieres","status":"publish","type":"post","link":"https:\/\/ami.mr\/fr\/archives\/222777","title":{"rendered":"R\u00e9union du Comit\u00e9 interminist\u00e9riel de suivi de la couverture des communications radio t\u00e9l\u00e9diffus\u00e9es des zones frontali\u00e8res"},"content":{"rendered":"<p>Le Comit\u00e9 interminist\u00e9riel du suivi de la couverture des communications radio t\u00e9l\u00e9diffus\u00e9es des zones frontali\u00e8res, s\u2019est r\u00e9uni, mardi \u00e0 Nouakchott, sous la pr\u00e9sidence du Premier ministre, M. Mohamed Ould Bilal Messoud.<\/p>\n<p>La r\u00e9union a \u00e9t\u00e9 consacr\u00e9e \u00e0 l\u2019examen d\u2019un expos\u00e9 faisant la pr\u00e9sentation technique de la couverture des communications par t\u00e9l\u00e9phone et Internet, ainsi que la couverture des \u00e9missions radio-t\u00e9l\u00e9vis\u00e9es des zones frontali\u00e8res, de NBeikett Lahouach \u00e0 N\u2019Diago, en passant par Fassala N\u00e9r\u00e9 et Ghabou.<\/p>\n<p>La pr\u00e9sentation technique a port\u00e9 sur le niveau d\u2019avancement des indicateurs de couverture des communications et de diffusion radio-t\u00e9l\u00e9vis\u00e9e des zones frontali\u00e8res au cours des derniers mois.<\/p>\n<p>Apr\u00e8s avoir discut\u00e9 du contenu de cette pr\u00e9sentation, qui a englob\u00e9 la plupart des probl\u00e8mes et des r\u00e9sum\u00e9s techniques observ\u00e9s, le comit\u00e9 a recommand\u00e9 la n\u00e9cessit\u00e9 d\u2019engager les fournisseurs de services de t\u00e9l\u00e9communications \u00e0 honorer leurs obligations contractuelles pr\u00e9cis\u00e9es dans le cahier des charges.<\/p>\n<p>Il a, \u00e9galement, soulign\u00e9 la n\u00e9cessit\u00e9 d\u2019acc\u00e9l\u00e9rer l\u2019intensification de la couverture du r\u00e9seau dans ces zones et l\u2019am\u00e9lioration de sa qualit\u00e9, et a charg\u00e9 le comit\u00e9 technique de pr\u00e9parer un rapport de suivi \u00e0 soumettre au Comit\u00e9 interminist\u00e9riel lors de ses prochaines sessions.<\/p>\n<p>&nbsp;<\/p>\n","protected":false},"excerpt":{"rendered":"<p>Le Comit\u00e9 interminist\u00e9riel du suivi de la couverture des communications radio t\u00e9l\u00e9diffus\u00e9es des zones frontali\u00e8res, s\u2019est r\u00e9uni, mardi \u00e0 Nouakchott, sous la pr\u00e9sidence du Premier ministre, M. Mohamed Ould Bilal Messoud. La r\u00e9union a \u00e9t\u00e9 consacr\u00e9e \u00e0 l\u2019examen d\u2019un expos\u00e9 faisant la pr\u00e9sentation technique de la couverture des communications par t\u00e9l\u00e9phone et Internet, ainsi que [&hellip;]<\/p>\n","protected":false},"author":13,"featured_media":222787,"comment_status":"open","ping_status":"open","sticky":false,"template":"","format":"standard","meta":{"footnotes":""},"categories":[63919,63957,63959,63921,63927],"tags":[],"class_list":["post-222777","post","type-post","status-publish","format-standard","has-post-thumbnail","hentry","category-choix-du-redacteur","category-fil-dactualite","category-mauritanie","category-slider-afficher","category-slider-mauritanie"],"_links":{"self":[{"href":"https:\/\/ami.mr\/fr\/wp-json\/wp\/v2\/posts\/222777","targetHints":{"allow":["GET"]}}],"collection":[{"href":"https:\/\/ami.mr\/fr\/wp-json\/wp\/v2\/posts"}],"about":[{"href":"https:\/\/ami.mr\/fr\/wp-json\/wp\/v2\/types\/post"}],"author":[{"embeddable":true,"href":"https:\/\/ami.mr\/fr\/wp-json\/wp\/v2\/users\/13"}],"replies":[{"embeddable":true,"href":"https:\/\/ami.mr\/fr\/wp-json\/wp\/v2\/comments?post=222777"}],"version-history":[{"count":2,"href":"https:\/\/ami.mr\/fr\/wp-json\/wp\/v2\/posts\/222777\/revisions"}],"predecessor-version":[{"id":222798,"href":"https:\/\/ami.mr\/fr\/wp-json\/wp\/v2\/posts\/222777\/revisions\/222798"}],"wp:featuredmedia":[{"embeddable":true,"href":"https:\/\/ami.mr\/fr\/wp-json\/wp\/v2\/media\/222787"}],"wp:attachment":[{"href":"https:\/\/ami.mr\/fr\/wp-json\/wp\/v2\/media?parent=222777"}],"wp:term":[{"taxonomy":"category","embeddable":true,"href":"https:\/\/ami.mr\/fr\/wp-json\/wp\/v2\/categories?post=222777"},{"taxonomy":"post_tag","embeddable":true,"href":"https:\/\/ami.mr\/fr\/wp-json\/wp\/v2\/tags?post=222777"}],"curies":[{"name":"wp","href":"https:\/\/api.w.org\/{rel}","templated":true}]}}