{"id":222452,"date":"2023-05-24T12:38:15","date_gmt":"2023-05-24T12:38:15","guid":{"rendered":"https:\/\/ami.mr\/fr\/?p=222452"},"modified":"2023-05-24T13:26:29","modified_gmt":"2023-05-24T13:26:29","slug":"le-president-de-la-republique-felicite-le-president-de-lerythree","status":"publish","type":"post","link":"https:\/\/ami.mr\/fr\/archives\/222452","title":{"rendered":"Le Pr\u00e9sident de la R\u00e9publique f\u00e9licite le Pr\u00e9sident de l\u2019\u00c9rythr\u00e9e"},"content":{"rendered":"<p>Le Pr\u00e9sident de la R\u00e9publique, Son Excellence Monsieur Mohamed Ould Cheikh El Ghazouani a adress\u00e9 ce mercredi le message de f\u00e9licitations qui suit au Pr\u00e9sident de la R\u00e9publique de l\u2019\u00c9rythr\u00e9e, Son Excellence Monsieur Isaias Afwerki, \u00e0 l&#8217;occasion de la c\u00e9l\u00e9bration de la f\u00eate nationale de son pays.<\/p>\n<p>Le message est ainsi libell\u00e9<\/p>\n<p>&#8221; Excellence et cher fr\u00e8re<\/p>\n<p>La c\u00e9l\u00e9bration de la f\u00eate nationale de votre pays m&#8217;offre l&#8217;agr\u00e9able occasion de vous exprimer mes chaleureuses f\u00e9licitations et de souhaiter au peuple \u00e9rythr\u00e9en fr\u00e8re plus de progr\u00e8s et de prosp\u00e9rit\u00e9.<\/p>\n<p>Je tiens \u00e0 vous renouveler notre d\u00e9termination \u00e0 poursuivre les efforts visant le renforcement et le d\u00e9veloppement des relations de coop\u00e9ration unissant nos deux pays dans l&#8217;int\u00e9r\u00eat mutuel de nos deux peuples fr\u00e8res.<\/p>\n<p>Veuillez recevoir, Excellence et cher fr\u00e8re, l&#8217;expression de ma tr\u00e8s haute consid\u00e9ration.<\/p>\n<p>Votre fr\u00e8re: Mohamed Ould Cheikh El Ghazouani&#8221;.<\/p>\n","protected":false},"excerpt":{"rendered":"<p>Le Pr\u00e9sident de la R\u00e9publique, Son Excellence Monsieur Mohamed Ould Cheikh El Ghazouani a adress\u00e9 ce mercredi le message de f\u00e9licitations qui suit au Pr\u00e9sident de la R\u00e9publique de l\u2019\u00c9rythr\u00e9e, Son Excellence Monsieur Isaias Afwerki, \u00e0 l&#8217;occasion de la c\u00e9l\u00e9bration de la f\u00eate nationale de son pays. Le message est ainsi libell\u00e9 &#8221; Excellence et [&hellip;]<\/p>\n","protected":false},"author":5,"featured_media":222458,"comment_status":"open","ping_status":"open","sticky":false,"template":"","format":"standard","meta":{"footnotes":""},"categories":[63957,25,63921,63926],"tags":[],"class_list":["post-222452","post","type-post","status-publish","format-standard","has-post-thumbnail","hentry","category-fil-dactualite","category-25","category-slider-afficher","category-slider-general"],"_links":{"self":[{"href":"https:\/\/ami.mr\/fr\/wp-json\/wp\/v2\/posts\/222452","targetHints":{"allow":["GET"]}}],"collection":[{"href":"https:\/\/ami.mr\/fr\/wp-json\/wp\/v2\/posts"}],"about":[{"href":"https:\/\/ami.mr\/fr\/wp-json\/wp\/v2\/types\/post"}],"author":[{"embeddable":true,"href":"https:\/\/ami.mr\/fr\/wp-json\/wp\/v2\/users\/5"}],"replies":[{"embeddable":true,"href":"https:\/\/ami.mr\/fr\/wp-json\/wp\/v2\/comments?post=222452"}],"version-history":[{"count":1,"href":"https:\/\/ami.mr\/fr\/wp-json\/wp\/v2\/posts\/222452\/revisions"}],"predecessor-version":[{"id":222454,"href":"https:\/\/ami.mr\/fr\/wp-json\/wp\/v2\/posts\/222452\/revisions\/222454"}],"wp:featuredmedia":[{"embeddable":true,"href":"https:\/\/ami.mr\/fr\/wp-json\/wp\/v2\/media\/222458"}],"wp:attachment":[{"href":"https:\/\/ami.mr\/fr\/wp-json\/wp\/v2\/media?parent=222452"}],"wp:term":[{"taxonomy":"category","embeddable":true,"href":"https:\/\/ami.mr\/fr\/wp-json\/wp\/v2\/categories?post=222452"},{"taxonomy":"post_tag","embeddable":true,"href":"https:\/\/ami.mr\/fr\/wp-json\/wp\/v2\/tags?post=222452"}],"curies":[{"name":"wp","href":"https:\/\/api.w.org\/{rel}","templated":true}]}}