{"id":222448,"date":"2023-05-24T10:29:41","date_gmt":"2023-05-24T10:29:41","guid":{"rendered":"https:\/\/ami.mr\/fr\/?p=222448"},"modified":"2023-05-24T10:29:41","modified_gmt":"2023-05-24T10:29:41","slug":"le-commissaire-aux-droits-de-lhomme-recoit-le-representant-du-haut-commissariat-aux-droits-de-lhomme-2","status":"publish","type":"post","link":"https:\/\/ami.mr\/fr\/archives\/222448","title":{"rendered":"Le commissaire aux droits de l&#8217;Homme re\u00e7oit le repr\u00e9sentant du haut-commissariat aux droits de l&#8217;Homme"},"content":{"rendered":"<p>Le commissaire aux Droits de l\u2019Homme, \u00e0 l\u2019Action humanitaire et aux Relations avec la Soci\u00e9t\u00e9 civile, M. Cheikh Ahmedou Ould Ahmed Salem Ould Sidi a re\u00e7u en audience, mercredi \u00e0 Nouakchott, le repr\u00e9sentant du bureau du Haut-Commissariat des droits de l\u2019Homme en Mauritanie, M. Laurent Meillan.<\/p>\n<p>L&#8217;audience a port\u00e9 sur les relations de coop\u00e9ration unissant la Mauritanie et cette institution du syst\u00e8me des Nations Unies ainsi que les moyens permettant de les renforcer et de les d\u00e9velopper davantage, en particulier dans les domaines d\u2019intervention du commissariat.<\/p>\n","protected":false},"excerpt":{"rendered":"<p>Le commissaire aux Droits de l\u2019Homme, \u00e0 l\u2019Action humanitaire et aux Relations avec la Soci\u00e9t\u00e9 civile, M. Cheikh Ahmedou Ould Ahmed Salem Ould Sidi a re\u00e7u en audience, mercredi \u00e0 Nouakchott, le repr\u00e9sentant du bureau du Haut-Commissariat des droits de l\u2019Homme en Mauritanie, M. Laurent Meillan. L&#8217;audience a port\u00e9 sur les relations de coop\u00e9ration unissant [&hellip;]<\/p>\n","protected":false},"author":5,"featured_media":222449,"comment_status":"open","ping_status":"open","sticky":false,"template":"","format":"standard","meta":{"footnotes":""},"categories":[63918,63957,63959,63927],"tags":[],"class_list":["post-222448","post","type-post","status-publish","format-standard","has-post-thumbnail","hentry","category-autres","category-fil-dactualite","category-mauritanie","category-slider-mauritanie"],"_links":{"self":[{"href":"https:\/\/ami.mr\/fr\/wp-json\/wp\/v2\/posts\/222448","targetHints":{"allow":["GET"]}}],"collection":[{"href":"https:\/\/ami.mr\/fr\/wp-json\/wp\/v2\/posts"}],"about":[{"href":"https:\/\/ami.mr\/fr\/wp-json\/wp\/v2\/types\/post"}],"author":[{"embeddable":true,"href":"https:\/\/ami.mr\/fr\/wp-json\/wp\/v2\/users\/5"}],"replies":[{"embeddable":true,"href":"https:\/\/ami.mr\/fr\/wp-json\/wp\/v2\/comments?post=222448"}],"version-history":[{"count":1,"href":"https:\/\/ami.mr\/fr\/wp-json\/wp\/v2\/posts\/222448\/revisions"}],"predecessor-version":[{"id":222450,"href":"https:\/\/ami.mr\/fr\/wp-json\/wp\/v2\/posts\/222448\/revisions\/222450"}],"wp:featuredmedia":[{"embeddable":true,"href":"https:\/\/ami.mr\/fr\/wp-json\/wp\/v2\/media\/222449"}],"wp:attachment":[{"href":"https:\/\/ami.mr\/fr\/wp-json\/wp\/v2\/media?parent=222448"}],"wp:term":[{"taxonomy":"category","embeddable":true,"href":"https:\/\/ami.mr\/fr\/wp-json\/wp\/v2\/categories?post=222448"},{"taxonomy":"post_tag","embeddable":true,"href":"https:\/\/ami.mr\/fr\/wp-json\/wp\/v2\/tags?post=222448"}],"curies":[{"name":"wp","href":"https:\/\/api.w.org\/{rel}","templated":true}]}}