{"id":222282,"date":"2023-05-20T20:38:11","date_gmt":"2023-05-20T20:38:11","guid":{"rendered":"https:\/\/ami.mr\/fr\/?p=222282"},"modified":"2023-05-20T20:38:11","modified_gmt":"2023-05-20T20:38:11","slug":"le-ministre-de-la-transformation-numerique-nous-oeuvrons-a-elever-la-couverture-de-linternet-a-100-en-2024","status":"publish","type":"post","link":"https:\/\/ami.mr\/fr\/archives\/222282","title":{"rendered":"Le ministre de la transformation num\u00e9rique: &#8221; Nous \u0153uvrons \u00e0 \u00e9lever la couverture de l&#8217;Internet \u00e0 100% en 2024&#8243;"},"content":{"rendered":"<div class=\"row\">\n<div class=\"cell auto-size bd-gray\" dir=\"ltr\"><\/div>\n<\/div>\n<div class=\"row\">\n<div class=\"cell auto-size\">\n<div class=\"set-border bd-gray padding10 margin10 no-margin-right no-margin-left \" dir=\"ltr\">\n<p>Le ministre de la Transformation num\u00e9rique, de l&#8217;Innovation et de la Modernisation de l&#8217;Administration, M. Moctar Ahmed Yedali, a particip\u00e9, vendredi dans la capitale malgache \u00e0 une s\u00e9ance de travail minist\u00e9rielle qui a port\u00e9 sur &#8220;les strat\u00e9gies nationales pour la transformation num\u00e9rique&#8221;, organis\u00e9e dans le cadre<\/p>\n<p>de la 7eme session du conseil des ministres charg\u00e9s de la technologie de l&#8217;information et des t\u00e9l\u00e9communications au sein de l&#8217;Alliance africaine intelligente.<\/p>\n<p>Au cours de la rencontre, le ministre a pr\u00e9sent\u00e9 un expos\u00e9 sur la politique nationale de notre pays en mati\u00e8re de transformation num\u00e9rique repr\u00e9sentant l&#8217;agenda national de transformation num\u00e9rique 2022-2025 et les efforts nationaux du minist\u00e8re visant \u00e0 pr\u00e9parer la strat\u00e9gie nationale de transformation num\u00e9rique s&#8217;\u00e9tendant jusqu&#8217;\u00e0 l&#8217;an 2030.<\/p>\n<p>Il a soulign\u00e9 que la strat\u00e9gie envisag\u00e9e en mati\u00e8re de transformation num\u00e9rique en Mauritanie sera coh\u00e9rente avec la strat\u00e9gie de transformation num\u00e9rique en Afrique (2020-2030) lanc\u00e9e par l&#8217;Union Africaine.<\/p>\n<p>Il a r\u00e9v\u00e9l\u00e9 que cette strat\u00e9gie sera articul\u00e9e sur un objectif principal, \u00e0 savoir, &#8220;qu&#8217;en 2030, tous les mauritaniens se trouvant sur le sol national auront acc\u00e8s \u00e0 la transformation num\u00e9rique, ce qui leur permet d&#8217;acc\u00e9der avec s\u00e9curit\u00e9 \u00e0 l&#8217;Internet \u00e0 n&#8217;importe quelle heure avec une rapidit\u00e9 de 6 M\u00e9gas bits par seconde \u00e0 un co\u00fbt ne d\u00e9passant pas 1\/100 dollars pour le m\u00e9ga octets gr\u00e2ce \u00e0 l&#8217;utilisation d&#8217;un t\u00e9l\u00e9phone intelligent fabriqu\u00e9 dans le continent africain, acquis \u00e0 un prix ne d\u00e9passant pas les 100 dollars am\u00e9ricains et permettant de tirer profit de tous les services et de tous les contenus num\u00e9riques.<\/p>\n<p>Le ministre a conclu en disant que notre objectif est d&#8217;\u00e9lever la couverture de l&#8217;Internet \u00e0 100% dans le pays en 2024.<\/p>\n<\/div>\n<\/div>\n<\/div>\n","protected":false},"excerpt":{"rendered":"<p>Le ministre de la Transformation num\u00e9rique, de l&#8217;Innovation et de la Modernisation de l&#8217;Administration, M. Moctar Ahmed Yedali, a particip\u00e9, vendredi dans la capitale malgache \u00e0 une s\u00e9ance de travail minist\u00e9rielle qui a port\u00e9 sur &#8220;les strat\u00e9gies nationales pour la transformation num\u00e9rique&#8221;, organis\u00e9e dans le cadre de la 7eme session du conseil des ministres charg\u00e9s [&hellip;]<\/p>\n","protected":false},"author":8,"featured_media":222283,"comment_status":"open","ping_status":"open","sticky":false,"template":"","format":"standard","meta":{"footnotes":""},"categories":[63920,63957],"tags":[],"class_list":["post-222282","post","type-post","status-publish","format-standard","has-post-thumbnail","hentry","category-a-la-une","category-fil-dactualite"],"_links":{"self":[{"href":"https:\/\/ami.mr\/fr\/wp-json\/wp\/v2\/posts\/222282","targetHints":{"allow":["GET"]}}],"collection":[{"href":"https:\/\/ami.mr\/fr\/wp-json\/wp\/v2\/posts"}],"about":[{"href":"https:\/\/ami.mr\/fr\/wp-json\/wp\/v2\/types\/post"}],"author":[{"embeddable":true,"href":"https:\/\/ami.mr\/fr\/wp-json\/wp\/v2\/users\/8"}],"replies":[{"embeddable":true,"href":"https:\/\/ami.mr\/fr\/wp-json\/wp\/v2\/comments?post=222282"}],"version-history":[{"count":1,"href":"https:\/\/ami.mr\/fr\/wp-json\/wp\/v2\/posts\/222282\/revisions"}],"predecessor-version":[{"id":222284,"href":"https:\/\/ami.mr\/fr\/wp-json\/wp\/v2\/posts\/222282\/revisions\/222284"}],"wp:featuredmedia":[{"embeddable":true,"href":"https:\/\/ami.mr\/fr\/wp-json\/wp\/v2\/media\/222283"}],"wp:attachment":[{"href":"https:\/\/ami.mr\/fr\/wp-json\/wp\/v2\/media?parent=222282"}],"wp:term":[{"taxonomy":"category","embeddable":true,"href":"https:\/\/ami.mr\/fr\/wp-json\/wp\/v2\/categories?post=222282"},{"taxonomy":"post_tag","embeddable":true,"href":"https:\/\/ami.mr\/fr\/wp-json\/wp\/v2\/tags?post=222282"}],"curies":[{"name":"wp","href":"https:\/\/api.w.org\/{rel}","templated":true}]}}