{"id":222086,"date":"2023-05-16T20:41:48","date_gmt":"2023-05-16T20:41:48","guid":{"rendered":"https:\/\/ami.mr\/fr\/?p=222086"},"modified":"2023-05-16T20:41:48","modified_gmt":"2023-05-16T20:41:48","slug":"atelier-de-validation-de-la-strategie-regionale-de-protection-des-civils-dans-le-contexte-des-operations-militaires-de-la-force-conjointe-et-des-armees-nationales-du-g5-sahel","status":"publish","type":"post","link":"https:\/\/ami.mr\/fr\/archives\/222086","title":{"rendered":"Atelier de validation de la strat\u00e9gie r\u00e9gionale de protection des civils dans le contexte des op\u00e9rations militaires de la force conjointe et des arm\u00e9es nationales du G5 Sahel"},"content":{"rendered":"<div class=\"row\"><\/div>\n<div class=\"row\">\n<div class=\"cell auto-size\">\n<div class=\"set-border bd-gray padding10 margin10 no-margin-right no-margin-left \" dir=\"ltr\">\n<p>Le G5 Sahel a organis\u00e9 un atelier de validation de la strat\u00e9gie r\u00e9gionale de protection des civils dans le contexte des op\u00e9rations militaires de la force conjointe et des arm\u00e9es nationales du G5 Sahel, dans la perspective d\u2019apporter des r\u00e9ponses ad\u00e9quates aux d\u00e9fis li\u00e9s \u00e0 la s\u00e9curit\u00e9 et au d\u00e9veloppement.<\/p>\n<p>Le G5 Sahel avait \u00e9t\u00e9 cr\u00e9\u00e9 le 16 f\u00e9vrier 2014 par cinq pays du Sahel : le Burkina Faso, le Niger, le Mali, la Mauritanie et le Tchad avaient d\u00e9cid\u00e9 \u00e0 l\u2019 occasion de la conf\u00e9rence des chefs d\u2019Etats.<\/p>\n<p>Cet atelier, de deux jours, a pour objectif de finaliser la strat\u00e9gie r\u00e9gionale de protection des populations civiles de la r\u00e9gion Sah\u00e9lienne, dans le difficile contexte des op\u00e9rations militaires.<\/p>\n<p>Dans son discours d\u2019ouverture, le ministre de la d\u00e9fense M. Hananna Ould Sidi, a d\u00e9clar\u00e9 que cette strat\u00e9gie r\u00e9sulte d\u2019un long processus de r\u00e9flexion ayant impliqu\u00e9 la force conjointe du G5 Sahel, les forces de d\u00e9fense et de s\u00e9curit\u00e9 nationales, les organisations de la soci\u00e9t\u00e9 civile et les partenaires internationaux.<\/p>\n<p>Il a ajout\u00e9 que cette d\u00e9marche inclusive traduit clairement les orientations du Pr\u00e9sident de la R\u00e9publique Islamique de la Mauritanie, Son Excellence Mohamed Ould Cheikh El Ghazouani, pr\u00e9sident en exercice du G5 Sahel, telles que d\u00e9clin\u00e9es dans la feuille de route de la pr\u00e9sidence Mauritanienne.<\/p>\n<p>M. Ould Hananna a, enfin, soulign\u00e9 que la condition premi\u00e8re de mise en \u0153uvre des projets de d\u00e9veloppement dans les zones difficiles est de stabiliser les populations expos\u00e9es \u00e0 la pression des groupes terroristes en leur assurant la protection n\u00e9cessaire.<\/p>\n<p>De son cote le secr\u00e9taire ex\u00e9cutif du G5 Sahel, l\u2019ambassadeur M. \u00c9ric Tiare, a d\u00e9clar\u00e9 que l\u2019aboutissement de ce projet repr\u00e9sente assur\u00e9ment un signe fort de ce que le G5 Sahel, continue d\u2019\u0153uvrer \u00e0 la recherche de solutions aux menaces que font peser les groupes arm\u00e9s sur les populations. Et les actions de d\u00e9veloppement envisag\u00e9, par le G5 Sahel, ne seront effectives et efficientes que dans un contexte de stabilit\u00e9 que nous ne pouvons envisager sans une meilleure protection des populations civiles dans la \u00ab guerre \u00bb asym\u00e9triquement que nous imposent les groupes arm\u00e9s.<\/p>\n<p>Il a ajout\u00e9 qu\u2019il demeure convaincu qu\u2019avec une strat\u00e9gie adapt\u00e9e, accompagn\u00e9e d\u2019outils pertinents, les forces arm\u00e9es des Etats membres et la force conjointe du G5 Sahel sauront r\u00e9ussir ce pari.<\/p>\n<p>De son c\u00f4t\u00e9, Mme. Lila Pieter Yahia, Coordinatrice R\u00e9sidente du syst\u00e8me des Nations unies en R\u00e9publique Islamique de la Mauritanie, a d\u00e9clar\u00e9 que la question de la protection des civils a toujours \u00e9t\u00e9 une pr\u00e9occupation majeure pour les Nations Unies, en l\u2019occurrence dans le contexte de conflits arm\u00e9s et naturellement, dans le contexte des op\u00e9rations militaires de s\u00e9curisation des territoires nationaux et de lutte contre l\u2019extr\u00e9misme violent donnant lieu \u00e0 des actes terroristes dont la menace persiste d\u2019ailleurs dans la r\u00e9gion du Sahel.<\/p>\n<p>\u00ab A cela s\u2019ajoute n\u00e9cessit\u00e9 d\u2019adopter une approche fond\u00e9e sur les droits humains afin de renforcer la confiance entre les Forces de d\u00e9fense et de s\u00e9curit\u00e9 et les populations concern\u00e9es n\u2019est plus \u00e0 d\u00e9montrer. Il est essentiel qu\u2019un \u00e9quilibre soit trouv\u00e9 entre les actions de s\u00e9curisation et le respect des droits humains. C\u2019est \u00e0 ce prix que nous pourrons construire une paix durable \u00bb, a-t-elle fait remarquer.<\/p>\n<p>La Coordinatrice R\u00e9sidente du syst\u00e8me des Nations unies a soulign\u00e9, \u00e9galement, qu\u2019il est donc primordial qu\u2019une attention accrue soit accord\u00e9e \u00e0 la protection des civils avec un accent particulier sur la protection des femmes et des enfants dans le contexte des op\u00e9rations militaires. \u00ab Dans cette perspective, les Nations Unies ont soutenu la mise en place du cadre de conformit\u00e9 qui vise \u00e0 assurer la pleine prise en compte des droits humains dans les op\u00e9rations de la Force conjointe G5 Sahel \u00bb.<\/p>\n<p>La responsable onusienne a, enfin, r\u00e9affirme l\u2019engagement du syst\u00e8me des Nations unies en Mauritanie \u00e0 soutenir le travail du Secr\u00e9tariat ex\u00e9cutif et de la Force conjointe G5 Sahel visant la protection des civils.<\/p>\n<\/div>\n<\/div>\n<\/div>\n","protected":false},"excerpt":{"rendered":"<p>Le G5 Sahel a organis\u00e9 un atelier de validation de la strat\u00e9gie r\u00e9gionale de protection des civils dans le contexte des op\u00e9rations militaires de la force conjointe et des arm\u00e9es nationales du G5 Sahel, dans la perspective d\u2019apporter des r\u00e9ponses ad\u00e9quates aux d\u00e9fis li\u00e9s \u00e0 la s\u00e9curit\u00e9 et au d\u00e9veloppement. Le G5 Sahel avait \u00e9t\u00e9 [&hellip;]<\/p>\n","protected":false},"author":8,"featured_media":222087,"comment_status":"open","ping_status":"open","sticky":false,"template":"","format":"standard","meta":{"footnotes":""},"categories":[63920,63957],"tags":[],"class_list":["post-222086","post","type-post","status-publish","format-standard","has-post-thumbnail","hentry","category-a-la-une","category-fil-dactualite"],"_links":{"self":[{"href":"https:\/\/ami.mr\/fr\/wp-json\/wp\/v2\/posts\/222086","targetHints":{"allow":["GET"]}}],"collection":[{"href":"https:\/\/ami.mr\/fr\/wp-json\/wp\/v2\/posts"}],"about":[{"href":"https:\/\/ami.mr\/fr\/wp-json\/wp\/v2\/types\/post"}],"author":[{"embeddable":true,"href":"https:\/\/ami.mr\/fr\/wp-json\/wp\/v2\/users\/8"}],"replies":[{"embeddable":true,"href":"https:\/\/ami.mr\/fr\/wp-json\/wp\/v2\/comments?post=222086"}],"version-history":[{"count":1,"href":"https:\/\/ami.mr\/fr\/wp-json\/wp\/v2\/posts\/222086\/revisions"}],"predecessor-version":[{"id":222088,"href":"https:\/\/ami.mr\/fr\/wp-json\/wp\/v2\/posts\/222086\/revisions\/222088"}],"wp:featuredmedia":[{"embeddable":true,"href":"https:\/\/ami.mr\/fr\/wp-json\/wp\/v2\/media\/222087"}],"wp:attachment":[{"href":"https:\/\/ami.mr\/fr\/wp-json\/wp\/v2\/media?parent=222086"}],"wp:term":[{"taxonomy":"category","embeddable":true,"href":"https:\/\/ami.mr\/fr\/wp-json\/wp\/v2\/categories?post=222086"},{"taxonomy":"post_tag","embeddable":true,"href":"https:\/\/ami.mr\/fr\/wp-json\/wp\/v2\/tags?post=222086"}],"curies":[{"name":"wp","href":"https:\/\/api.w.org\/{rel}","templated":true}]}}