{"id":221543,"date":"2023-05-09T16:40:46","date_gmt":"2023-05-09T16:40:46","guid":{"rendered":"https:\/\/ami.mr\/fr\/?p=221543"},"modified":"2023-05-09T16:40:46","modified_gmt":"2023-05-09T16:40:46","slug":"le-ministre-de-la-justice-recoit-lambassadeur-du-mali-4","status":"publish","type":"post","link":"https:\/\/ami.mr\/fr\/archives\/221543","title":{"rendered":"Le ministre de la Justice re\u00e7oit l\u2019ambassadeur du Mali"},"content":{"rendered":"<div class=\"row\">\n<div class=\"cell auto-size bd-gray\" dir=\"ltr\"><\/div>\n<\/div>\n<div class=\"row\">\n<div class=\"cell auto-size\">\n<div class=\"set-border bd-gray padding10 margin10 no-margin-right no-margin-left \" dir=\"ltr\">\n<p>Le ministre de la Justice M. Mohamed Mahmoud Ould Cheikh Abdoullah Boya, a re\u00e7u en audience, mardi \u00e0 Nouakchott, SEM Mohamed Debassi, l\u2019ambassadeur de la R\u00e9publique du S\u00e9n\u00e9gal accr\u00e9dit\u00e9 en Mauritanie.<\/p>\n<p>La rencontre a port\u00e9 sur les diff\u00e9rents aspects de la coop\u00e9ration fraternelle existante entre nos deux pays.<\/p>\n<p>L\u2019audience s\u2019est d\u00e9roul\u00e9e en pr\u00e9sence de M. Mohamed Jiddou, secr\u00e9taire g\u00e9n\u00e9ral par int\u00e9rim, du conseiller technique du ministre, M. Amar El Ghassem, au c\u00f4t\u00e9 du directeur des affaires criminelles et de la direction p\u00e9nitentiaire, M. Moulaye Abdoullah Baba.<\/p>\n<\/div>\n<\/div>\n<\/div>\n","protected":false},"excerpt":{"rendered":"<p>Le ministre de la Justice M. Mohamed Mahmoud Ould Cheikh Abdoullah Boya, a re\u00e7u en audience, mardi \u00e0 Nouakchott, SEM Mohamed Debassi, l\u2019ambassadeur de la R\u00e9publique du S\u00e9n\u00e9gal accr\u00e9dit\u00e9 en Mauritanie. La rencontre a port\u00e9 sur les diff\u00e9rents aspects de la coop\u00e9ration fraternelle existante entre nos deux pays. L\u2019audience s\u2019est d\u00e9roul\u00e9e en pr\u00e9sence de M. [&hellip;]<\/p>\n","protected":false},"author":18,"featured_media":221544,"comment_status":"open","ping_status":"open","sticky":false,"template":"","format":"standard","meta":{"footnotes":""},"categories":[63918,63919,63957],"tags":[],"class_list":["post-221543","post","type-post","status-publish","format-standard","has-post-thumbnail","hentry","category-autres","category-choix-du-redacteur","category-fil-dactualite"],"_links":{"self":[{"href":"https:\/\/ami.mr\/fr\/wp-json\/wp\/v2\/posts\/221543","targetHints":{"allow":["GET"]}}],"collection":[{"href":"https:\/\/ami.mr\/fr\/wp-json\/wp\/v2\/posts"}],"about":[{"href":"https:\/\/ami.mr\/fr\/wp-json\/wp\/v2\/types\/post"}],"author":[{"embeddable":true,"href":"https:\/\/ami.mr\/fr\/wp-json\/wp\/v2\/users\/18"}],"replies":[{"embeddable":true,"href":"https:\/\/ami.mr\/fr\/wp-json\/wp\/v2\/comments?post=221543"}],"version-history":[{"count":1,"href":"https:\/\/ami.mr\/fr\/wp-json\/wp\/v2\/posts\/221543\/revisions"}],"predecessor-version":[{"id":221545,"href":"https:\/\/ami.mr\/fr\/wp-json\/wp\/v2\/posts\/221543\/revisions\/221545"}],"wp:featuredmedia":[{"embeddable":true,"href":"https:\/\/ami.mr\/fr\/wp-json\/wp\/v2\/media\/221544"}],"wp:attachment":[{"href":"https:\/\/ami.mr\/fr\/wp-json\/wp\/v2\/media?parent=221543"}],"wp:term":[{"taxonomy":"category","embeddable":true,"href":"https:\/\/ami.mr\/fr\/wp-json\/wp\/v2\/categories?post=221543"},{"taxonomy":"post_tag","embeddable":true,"href":"https:\/\/ami.mr\/fr\/wp-json\/wp\/v2\/tags?post=221543"}],"curies":[{"name":"wp","href":"https:\/\/api.w.org\/{rel}","templated":true}]}}