{"id":221530,"date":"2023-05-09T12:53:16","date_gmt":"2023-05-09T12:53:16","guid":{"rendered":"https:\/\/ami.mr\/fr\/?p=221530"},"modified":"2023-05-09T12:53:16","modified_gmt":"2023-05-09T12:53:16","slug":"la-mauritanie-et-les-emirats-arabes-unis-signent-un-memorandum-dentente-sur-la-securite-civile","status":"publish","type":"post","link":"https:\/\/ami.mr\/fr\/archives\/221530","title":{"rendered":"La Mauritanie et les \u00c9mirats arabes unis signent un m\u00e9morandum d&#8217;entente sur la s\u00e9curit\u00e9 civile"},"content":{"rendered":"<div class=\"cell auto-size\">\n<div class=\"set-border bd-gray padding10 margin10 no-margin-right no-margin-left \" dir=\"ltr\">\n<p>La d\u00e9l\u00e9gation g\u00e9n\u00e9rale de la s\u00e9curit\u00e9 civile et de la gestion des catastrophes mauritanienne et la direction g\u00e9n\u00e9rale de la structure nationale de la direction des catastrophes et des crises des \u00c9mirats arabes unis ont sign\u00e9, mardi \u00e0 Abu Dhabi, un m\u00e9morandum d&#8217;entente sur la s\u00e9curit\u00e9 civile, en marge des travaux du Sommet d\u2019Abu Dhabi sur la gestion des urgences et des crises 2023.<\/p>\n<p>Le m\u00e9morandum a \u00e9t\u00e9 sign\u00e9 le g\u00e9n\u00e9ral Khatar Ould Mohamed M&#8217;barek, d\u00e9l\u00e9gu\u00e9 g\u00e9n\u00e9ral de la s\u00e9curit\u00e9 civile et de la gestion des catastrophes de Mauritanie et M. Rached Neyadi, directeur g\u00e9n\u00e9ral de la structure nationale et de la direction des catastrophes et des crises des \u00c9mirats arabes unis.<\/p>\n<p>Ce m\u00e9morandum contribuera de mani\u00e8re significative au renforcement de la coop\u00e9ration entre les deux pays dans tous les domaines concern\u00e9s par la s\u00e9curit\u00e9 civile et \u00e0 la gestion des crises.<\/p>\n<p>Sous le th\u00e8me &#8220;Abu Dhabi 2023&#8221;, ce sommet, de deux jours, r\u00e9unit d&#8217;\u00e9minents experts et responsables d&#8217;entit\u00e9s nationales, r\u00e9gionales et mondiales concern\u00e9es par la gestion des urgences et des crises pour discuter des d\u00e9fis importants auxquels le terrain est confront\u00e9, adopter les tendances mondiales et appliquer les normes et pratiques internationales.<\/p>\n<p>L&#8217;ordre du jour principal du sommet comprend des discussions sur la gestion non traditionnelle des urgences et des crises, la pr\u00e9paration aux crises inattendues, la pr\u00e9paration de la prochaine g\u00e9n\u00e9ration de dirigeants, la mondialisation de la pr\u00e9paration et de la r\u00e9ponse, et le partenariat communautaire dans la gestion des urgences et des crises. Au cours de six sessions, des sous-th\u00e8mes tels que la pr\u00e9vision de l&#8217;avenir des urgences et des crises, les changements de comportement et leur impact sur la pr\u00e9paration de la communaut\u00e9, et la culture du volontariat pendant les urgences seront discut\u00e9s.<\/p>\n<p>La rencontre vise la cr\u00e9ation d&#8217;une plate-forme mondiale pour renforcer les partenariats et la coop\u00e9ration internationale, partager les exp\u00e9riences en mati\u00e8re de gestion des urgences, des crises et des catastrophes, et discuter des d\u00e9fis et tendances mondiaux critiques, la consolidation de la r\u00e9silience en mettant en \u00e9vidence les meilleures pratiques mondiales en mati\u00e8re de gestion des urgences, des crises et des catastrophes et la pr\u00e9voyance et l&#8217;\u00e9valuation des risques futurs possibles.<\/p>\n<p>Il permet \u00e9galement de passer en revue les d\u00e9veloppements possibles pour renforcer la pr\u00e9paration et la r\u00e9ponse mondiales aux crises et urgences transfrontali\u00e8res gr\u00e2ce \u00e0 une approche de coop\u00e9ration internationale synchronis\u00e9e et coordonn\u00e9e.<\/p>\n<\/div>\n<\/div>\n","protected":false},"excerpt":{"rendered":"<p>La d\u00e9l\u00e9gation g\u00e9n\u00e9rale de la s\u00e9curit\u00e9 civile et de la gestion des catastrophes mauritanienne et la direction g\u00e9n\u00e9rale de la structure nationale de la direction des catastrophes et des crises des \u00c9mirats arabes unis ont sign\u00e9, mardi \u00e0 Abu Dhabi, un m\u00e9morandum d&#8217;entente sur la s\u00e9curit\u00e9 civile, en marge des travaux du Sommet d\u2019Abu Dhabi [&hellip;]<\/p>\n","protected":false},"author":10,"featured_media":221531,"comment_status":"open","ping_status":"open","sticky":false,"template":"","format":"standard","meta":{"footnotes":""},"categories":[63920,63957,25,63926],"tags":[],"class_list":["post-221530","post","type-post","status-publish","format-standard","has-post-thumbnail","hentry","category-a-la-une","category-fil-dactualite","category-25","category-slider-general"],"_links":{"self":[{"href":"https:\/\/ami.mr\/fr\/wp-json\/wp\/v2\/posts\/221530","targetHints":{"allow":["GET"]}}],"collection":[{"href":"https:\/\/ami.mr\/fr\/wp-json\/wp\/v2\/posts"}],"about":[{"href":"https:\/\/ami.mr\/fr\/wp-json\/wp\/v2\/types\/post"}],"author":[{"embeddable":true,"href":"https:\/\/ami.mr\/fr\/wp-json\/wp\/v2\/users\/10"}],"replies":[{"embeddable":true,"href":"https:\/\/ami.mr\/fr\/wp-json\/wp\/v2\/comments?post=221530"}],"version-history":[{"count":1,"href":"https:\/\/ami.mr\/fr\/wp-json\/wp\/v2\/posts\/221530\/revisions"}],"predecessor-version":[{"id":221532,"href":"https:\/\/ami.mr\/fr\/wp-json\/wp\/v2\/posts\/221530\/revisions\/221532"}],"wp:featuredmedia":[{"embeddable":true,"href":"https:\/\/ami.mr\/fr\/wp-json\/wp\/v2\/media\/221531"}],"wp:attachment":[{"href":"https:\/\/ami.mr\/fr\/wp-json\/wp\/v2\/media?parent=221530"}],"wp:term":[{"taxonomy":"category","embeddable":true,"href":"https:\/\/ami.mr\/fr\/wp-json\/wp\/v2\/categories?post=221530"},{"taxonomy":"post_tag","embeddable":true,"href":"https:\/\/ami.mr\/fr\/wp-json\/wp\/v2\/tags?post=221530"}],"curies":[{"name":"wp","href":"https:\/\/api.w.org\/{rel}","templated":true}]}}