{"id":221324,"date":"2023-05-06T17:40:38","date_gmt":"2023-05-06T17:40:38","guid":{"rendered":"https:\/\/ami.mr\/fr\/?p=221324"},"modified":"2023-05-06T17:40:38","modified_gmt":"2023-05-06T17:40:38","slug":"le-ministre-du-petrole-se-rend-en-hollande-pour-participer-a-un-sommet-sur-lhydrogene-vert","status":"publish","type":"post","link":"https:\/\/ami.mr\/fr\/archives\/221324","title":{"rendered":"Le ministre du P\u00e9trole se rend en Hollande pour participer \u00e0 un sommet sur l&#8217;hydrog\u00e8ne vert"},"content":{"rendered":"<p>Le ministre du P\u00e9trole, des Mines et de l&#8217;\u00e9nergie, M. Adessalam Ould Mohamed Saleh, a quitt\u00e9 Nouakchott, vendredi soir \u00e0 destination de Rot\u00e9rdam (Hollande) pour participer \u00e0 un sommet sur l&#8217;hydrog\u00e8ne vert, pr\u00e9vu du 9 au 11 Mai 2023.<\/p>\n<p>Au cours de ce voyage, le ministre est accompagn\u00e9 d&#8217;une importante d\u00e9l\u00e9gation de son d\u00e9partement.<\/p>\n","protected":false},"excerpt":{"rendered":"<p>Le ministre du P\u00e9trole, des Mines et de l&#8217;\u00e9nergie, M. Adessalam Ould Mohamed Saleh, a quitt\u00e9 Nouakchott, vendredi soir \u00e0 destination de Rot\u00e9rdam (Hollande) pour participer \u00e0 un sommet sur l&#8217;hydrog\u00e8ne vert, pr\u00e9vu du 9 au 11 Mai 2023. Au cours de ce voyage, le ministre est accompagn\u00e9 d&#8217;une importante d\u00e9l\u00e9gation de son d\u00e9partement.<\/p>\n","protected":false},"author":13,"featured_media":221325,"comment_status":"open","ping_status":"open","sticky":false,"template":"","format":"standard","meta":{"footnotes":""},"categories":[63918,63919,63957,63959,63927],"tags":[],"class_list":["post-221324","post","type-post","status-publish","format-standard","has-post-thumbnail","hentry","category-autres","category-choix-du-redacteur","category-fil-dactualite","category-mauritanie","category-slider-mauritanie"],"_links":{"self":[{"href":"https:\/\/ami.mr\/fr\/wp-json\/wp\/v2\/posts\/221324","targetHints":{"allow":["GET"]}}],"collection":[{"href":"https:\/\/ami.mr\/fr\/wp-json\/wp\/v2\/posts"}],"about":[{"href":"https:\/\/ami.mr\/fr\/wp-json\/wp\/v2\/types\/post"}],"author":[{"embeddable":true,"href":"https:\/\/ami.mr\/fr\/wp-json\/wp\/v2\/users\/13"}],"replies":[{"embeddable":true,"href":"https:\/\/ami.mr\/fr\/wp-json\/wp\/v2\/comments?post=221324"}],"version-history":[{"count":1,"href":"https:\/\/ami.mr\/fr\/wp-json\/wp\/v2\/posts\/221324\/revisions"}],"predecessor-version":[{"id":221326,"href":"https:\/\/ami.mr\/fr\/wp-json\/wp\/v2\/posts\/221324\/revisions\/221326"}],"wp:featuredmedia":[{"embeddable":true,"href":"https:\/\/ami.mr\/fr\/wp-json\/wp\/v2\/media\/221325"}],"wp:attachment":[{"href":"https:\/\/ami.mr\/fr\/wp-json\/wp\/v2\/media?parent=221324"}],"wp:term":[{"taxonomy":"category","embeddable":true,"href":"https:\/\/ami.mr\/fr\/wp-json\/wp\/v2\/categories?post=221324"},{"taxonomy":"post_tag","embeddable":true,"href":"https:\/\/ami.mr\/fr\/wp-json\/wp\/v2\/tags?post=221324"}],"curies":[{"name":"wp","href":"https:\/\/api.w.org\/{rel}","templated":true}]}}