{"id":221042,"date":"2023-05-01T22:49:21","date_gmt":"2023-05-01T22:49:21","guid":{"rendered":"https:\/\/ami.mr\/fr\/?p=221042"},"modified":"2023-05-02T10:08:06","modified_gmt":"2023-05-02T10:08:06","slug":"une-mission-du-programme-le-grand-tour-arrive-en-adrar-pour-la-production-dun-film-sur-les-sites-touristiques-dans-la-wilaya","status":"publish","type":"post","link":"https:\/\/ami.mr\/fr\/archives\/221042","title":{"rendered":"Une mission du programme &#8221; Le Grand tour&#8221; arrive en Adrar pour la production d&#8217;un film sur les sites touristiques dans la wilaya"},"content":{"rendered":"<p>Une mission du programme &#8220;Le Grand tour&#8221;, c\u00e9l\u00e8bre mondialement , se trouve depuis vendredi dernier en visite dans la wilaya de l&#8217;Adrar pour la production d&#8217;un film sur les sites touristiques dans la wilaya.<\/p>\n<p>Le s\u00e9jour de la mission qui se trouve actuellement dans la zone de Choum se poursuivra jusqu&#8217;au 6 du mois courant.<\/p>\n<p>Le programme Le Grand Tour est consid\u00e9r\u00e9 parmi les c\u00e9l\u00e8bres programmes de t\u00e9l\u00e9vision dans le monde. Le nombre des t\u00e9l\u00e9spectateurs qui le suivent d\u00e9passe les 250 000 000, selon les derni\u00e8res estimations.<\/p>\n<p>Dans une d\u00e9claration \u00e0 l&#8217;AMI, le wali de l&#8217;Adrar, M. Abdellahi Ould Mohamed Mahmoud, a indiqu\u00e9 que la mission comprend 90 personnes et qu&#8217;elle est conduite par 3 producteurs des grands anciens fondateurs du programme.<\/p>\n<p>Il a ajout\u00e9 que la mission dispose d&#8217;un certain nombre de mat\u00e9riel et de v\u00e9hicules estim\u00e9s \u00e0 25.<\/p>\n<p>L&#8217;Agence MAURIPROD assure la coordination des aspects administratifs et m\u00e9diatiques , en collaboration \u00e9troite avec les autorit\u00e9s concern\u00e9es dans les minist\u00e8res du tourisme et de la culture et les autorit\u00e9s administratives , militaires et s\u00e9curitaires tandis que les aspects logistiques sont assur\u00e9s par l&#8217;Agence MAURILOG.<\/p>\n<p>Cette grande manifestation donnera \u00e0 notre pays une impulsion nouvelle destin\u00e9e \u00e0 faire connaitre davantage la Mauritanie qui est class\u00e9e dans la cat\u00e9gorie des pays stables et s\u00fbrs.<\/p>\n<p>La mission visitera de nombreuses zones de la wilaya comme Choum, Teyaret, l&#8217;oasis de Terjit, Chinguiti et Guelb Richat \u00e0 Wadane, Nouakchott, Inchiri et des zones riveraines.<\/p>\n<p>Les localit\u00e9s programm\u00e9es dans l&#8217;itin\u00e9raire du Programme comprennent diff\u00e9rentes wilayas dont Tiris Zemmour, Nouadhibou et la r\u00e9gion du fleuve dans la wilaya du Trarza.<\/p>\n<p>&nbsp;<\/p>\n<p>&nbsp;<\/p>\n<p>&nbsp;<\/p>\n<p>&nbsp;<\/p>\n","protected":false},"excerpt":{"rendered":"<p>Une mission du programme &#8220;Le Grand tour&#8221;, c\u00e9l\u00e8bre mondialement , se trouve depuis vendredi dernier en visite dans la wilaya de l&#8217;Adrar pour la production d&#8217;un film sur les sites touristiques dans la wilaya. Le s\u00e9jour de la mission qui se trouve actuellement dans la zone de Choum se poursuivra jusqu&#8217;au 6 du mois courant. [&hellip;]<\/p>\n","protected":false},"author":13,"featured_media":221043,"comment_status":"open","ping_status":"open","sticky":false,"template":"","format":"standard","meta":{"footnotes":""},"categories":[63918,63919,63957,63923,8672],"tags":[],"class_list":["post-221042","post","type-post","status-publish","format-standard","has-post-thumbnail","hentry","category-autres","category-choix-du-redacteur","category-fil-dactualite","category-slider-wilayas","category-8672"],"_links":{"self":[{"href":"https:\/\/ami.mr\/fr\/wp-json\/wp\/v2\/posts\/221042","targetHints":{"allow":["GET"]}}],"collection":[{"href":"https:\/\/ami.mr\/fr\/wp-json\/wp\/v2\/posts"}],"about":[{"href":"https:\/\/ami.mr\/fr\/wp-json\/wp\/v2\/types\/post"}],"author":[{"embeddable":true,"href":"https:\/\/ami.mr\/fr\/wp-json\/wp\/v2\/users\/13"}],"replies":[{"embeddable":true,"href":"https:\/\/ami.mr\/fr\/wp-json\/wp\/v2\/comments?post=221042"}],"version-history":[{"count":3,"href":"https:\/\/ami.mr\/fr\/wp-json\/wp\/v2\/posts\/221042\/revisions"}],"predecessor-version":[{"id":221050,"href":"https:\/\/ami.mr\/fr\/wp-json\/wp\/v2\/posts\/221042\/revisions\/221050"}],"wp:featuredmedia":[{"embeddable":true,"href":"https:\/\/ami.mr\/fr\/wp-json\/wp\/v2\/media\/221043"}],"wp:attachment":[{"href":"https:\/\/ami.mr\/fr\/wp-json\/wp\/v2\/media?parent=221042"}],"wp:term":[{"taxonomy":"category","embeddable":true,"href":"https:\/\/ami.mr\/fr\/wp-json\/wp\/v2\/categories?post=221042"},{"taxonomy":"post_tag","embeddable":true,"href":"https:\/\/ami.mr\/fr\/wp-json\/wp\/v2\/tags?post=221042"}],"curies":[{"name":"wp","href":"https:\/\/api.w.org\/{rel}","templated":true}]}}