{"id":220950,"date":"2023-05-01T11:56:30","date_gmt":"2023-05-01T11:56:30","guid":{"rendered":"https:\/\/ami.mr\/fr\/?p=220950"},"modified":"2023-05-01T11:56:30","modified_gmt":"2023-05-01T11:56:30","slug":"les-travailleurs-mauritaniens-commemorent-le-1er-mai-dans-tous-les-coins-du-pays","status":"publish","type":"post","link":"https:\/\/ami.mr\/fr\/archives\/220950","title":{"rendered":"Les travailleurs mauritaniens comm\u00e9morent le 1er mai dans tous les coins du pays"},"content":{"rendered":"<div class=\"cell auto-size\">\n<div class=\"set-border bd-gray padding10 margin10 no-margin-right no-margin-left \" dir=\"ltr\">\n<p>La force ouvri\u00e8re nationale a c\u00e9l\u00e9br\u00e9, lundi, sur l\u2019ensemble du territoire national, le 1er mai, la f\u00eate internationale du travail.<\/p>\n<p>Les centrales syndicales ont organis\u00e9 des marches ouvri\u00e8res dans toutes les villes du pays, brandissant des banderoles louant ce qui a \u00e9t\u00e9 r\u00e9alis\u00e9 en faveur des travailleurs, en g\u00e9n\u00e9ral, et les citoyens, en particulier, et appelant pour la poursuite de ces efforts en vue de r\u00e9pondre aux attentes des travailleurs.<\/p>\n<p>Ces marches se sont sold\u00e9es par des meetings au cours desquels les orateurs syndicaux ont appel\u00e9 pour l\u2019am\u00e9lioration des conditions de vie des travailleurs.<\/p>\n<\/div>\n<\/div>\n","protected":false},"excerpt":{"rendered":"<p>La force ouvri\u00e8re nationale a c\u00e9l\u00e9br\u00e9, lundi, sur l\u2019ensemble du territoire national, le 1er mai, la f\u00eate internationale du travail. Les centrales syndicales ont organis\u00e9 des marches ouvri\u00e8res dans toutes les villes du pays, brandissant des banderoles louant ce qui a \u00e9t\u00e9 r\u00e9alis\u00e9 en faveur des travailleurs, en g\u00e9n\u00e9ral, et les citoyens, en particulier, et [&hellip;]<\/p>\n","protected":false},"author":10,"featured_media":220951,"comment_status":"open","ping_status":"open","sticky":false,"template":"","format":"standard","meta":{"footnotes":""},"categories":[63920,63957,63959],"tags":[],"class_list":["post-220950","post","type-post","status-publish","format-standard","has-post-thumbnail","hentry","category-a-la-une","category-fil-dactualite","category-mauritanie"],"_links":{"self":[{"href":"https:\/\/ami.mr\/fr\/wp-json\/wp\/v2\/posts\/220950","targetHints":{"allow":["GET"]}}],"collection":[{"href":"https:\/\/ami.mr\/fr\/wp-json\/wp\/v2\/posts"}],"about":[{"href":"https:\/\/ami.mr\/fr\/wp-json\/wp\/v2\/types\/post"}],"author":[{"embeddable":true,"href":"https:\/\/ami.mr\/fr\/wp-json\/wp\/v2\/users\/10"}],"replies":[{"embeddable":true,"href":"https:\/\/ami.mr\/fr\/wp-json\/wp\/v2\/comments?post=220950"}],"version-history":[{"count":1,"href":"https:\/\/ami.mr\/fr\/wp-json\/wp\/v2\/posts\/220950\/revisions"}],"predecessor-version":[{"id":220952,"href":"https:\/\/ami.mr\/fr\/wp-json\/wp\/v2\/posts\/220950\/revisions\/220952"}],"wp:featuredmedia":[{"embeddable":true,"href":"https:\/\/ami.mr\/fr\/wp-json\/wp\/v2\/media\/220951"}],"wp:attachment":[{"href":"https:\/\/ami.mr\/fr\/wp-json\/wp\/v2\/media?parent=220950"}],"wp:term":[{"taxonomy":"category","embeddable":true,"href":"https:\/\/ami.mr\/fr\/wp-json\/wp\/v2\/categories?post=220950"},{"taxonomy":"post_tag","embeddable":true,"href":"https:\/\/ami.mr\/fr\/wp-json\/wp\/v2\/tags?post=220950"}],"curies":[{"name":"wp","href":"https:\/\/api.w.org\/{rel}","templated":true}]}}