{"id":220917,"date":"2023-04-30T17:53:56","date_gmt":"2023-04-30T17:53:56","guid":{"rendered":"https:\/\/ami.mr\/fr\/?p=220917"},"modified":"2023-04-30T22:02:05","modified_gmt":"2023-04-30T22:02:05","slug":"le-parti-insaf-organise-une-soiree-politique-a-tevragh-zena-et-un-meeting-a-keur-macene","status":"publish","type":"post","link":"https:\/\/ami.mr\/fr\/archives\/220917","title":{"rendered":"Le parti Insaf organise une soir\u00e9e politique \u00e0 Tevragh Zena et un meeting \u00e0 Keur Mac\u00e8ne"},"content":{"rendered":"<p>Le parti Insaf a organis\u00e9, samedi soir, une soir\u00e9e politique dans la moughataa de Tevragh Zeina (Wilaya de Nouakchott ouest) pour appuyer les choix du parti.<\/p>\n<p>La soir\u00e9e a \u00e9t\u00e9 marqu\u00e9e par des interventions d&#8217;un certain nombre des candidats du parti sur les listes nationales, r\u00e9gionales et et municipales qui ont port\u00e9 sur le programme \u00e9lectoral du parti.<\/p>\n<p>Dans ce cadre, la candidate aux \u00e9lections r\u00e9gionales, Mme Vatimetou Mint Abdel Maleck, a appel\u00e9 tous les mauritaniens \u00e0 appuyer les candidats du parti Insaf, soulignant que le parti aspire dans ses priorit\u00e9s \u00e0 servir les jeunes et les femmes.<\/p>\n<p>Le candidat du parti dans la liste nationale mixte, M. Mohamed Ould Meguet, a soulign\u00e9, lui, que le parti vise \u00e0 assurer la victoire de tous ses candidats qui repr\u00e9senteront le peuple mauritanien \u00e0 l&#8217;Assembl\u00e9e nationale, aux conseils municipaux et aux conseils r\u00e9gionaux.<\/p>\n<p>le candidat du parti au poste de maire de Tevragh Zeina, M. Taleb Ould Mahjoub a parl\u00e9, \u00e0 son tour, des r\u00e9forme qu&#8217;a connues la commune durant son mandat.<\/p>\n<p>Le parti Insaf a \u00e9galement organis\u00e9, samedi soir ,un meeting populaire dans la moughataa de Keur Mac\u00e8ne (Wilaya du Trarza).<\/p>\n<p>Au cours du meeting, le coordinateur de la campagne du parti au niveau de la wilaya du Trarza, M. Brahim Vall ould Mohamed Lemine, a exhort\u00e9 les militantes et les militants du parti \u00e0 \u0153uvrer, s\u00e9rieusement, pour la victoire de toutes les listes du parti.<\/p>\n<p>De son c\u00f4t\u00e9, le coordinateur de la campagne du parti au niveau de la moughataa de Keur Mac\u00e8ne, M. Yahya Ould Abdallahi a appel\u00e9 tous les militants \u00e0 continuer la mobilisation et la sensibilisation sur la n\u00e9cessit\u00e9 de voter en faveur des listes du parti.<\/p>\n<p>&nbsp;<\/p>\n<p>&nbsp;<\/p>\n<p>&nbsp;<\/p>\n<p>&nbsp;<\/p>\n","protected":false},"excerpt":{"rendered":"<p>Le parti Insaf a organis\u00e9, samedi soir, une soir\u00e9e politique dans la moughataa de Tevragh Zeina (Wilaya de Nouakchott ouest) pour appuyer les choix du parti. La soir\u00e9e a \u00e9t\u00e9 marqu\u00e9e par des interventions d&#8217;un certain nombre des candidats du parti sur les listes nationales, r\u00e9gionales et et municipales qui ont port\u00e9 sur le programme [&hellip;]<\/p>\n","protected":false},"author":13,"featured_media":220943,"comment_status":"open","ping_status":"open","sticky":false,"template":"","format":"standard","meta":{"footnotes":""},"categories":[63918,63919,63957,63959],"tags":[],"class_list":["post-220917","post","type-post","status-publish","format-standard","has-post-thumbnail","hentry","category-autres","category-choix-du-redacteur","category-fil-dactualite","category-mauritanie"],"_links":{"self":[{"href":"https:\/\/ami.mr\/fr\/wp-json\/wp\/v2\/posts\/220917","targetHints":{"allow":["GET"]}}],"collection":[{"href":"https:\/\/ami.mr\/fr\/wp-json\/wp\/v2\/posts"}],"about":[{"href":"https:\/\/ami.mr\/fr\/wp-json\/wp\/v2\/types\/post"}],"author":[{"embeddable":true,"href":"https:\/\/ami.mr\/fr\/wp-json\/wp\/v2\/users\/13"}],"replies":[{"embeddable":true,"href":"https:\/\/ami.mr\/fr\/wp-json\/wp\/v2\/comments?post=220917"}],"version-history":[{"count":1,"href":"https:\/\/ami.mr\/fr\/wp-json\/wp\/v2\/posts\/220917\/revisions"}],"predecessor-version":[{"id":220920,"href":"https:\/\/ami.mr\/fr\/wp-json\/wp\/v2\/posts\/220917\/revisions\/220920"}],"wp:featuredmedia":[{"embeddable":true,"href":"https:\/\/ami.mr\/fr\/wp-json\/wp\/v2\/media\/220943"}],"wp:attachment":[{"href":"https:\/\/ami.mr\/fr\/wp-json\/wp\/v2\/media?parent=220917"}],"wp:term":[{"taxonomy":"category","embeddable":true,"href":"https:\/\/ami.mr\/fr\/wp-json\/wp\/v2\/categories?post=220917"},{"taxonomy":"post_tag","embeddable":true,"href":"https:\/\/ami.mr\/fr\/wp-json\/wp\/v2\/tags?post=220917"}],"curies":[{"name":"wp","href":"https:\/\/api.w.org\/{rel}","templated":true}]}}