{"id":220866,"date":"2023-04-29T15:00:01","date_gmt":"2023-04-29T15:00:01","guid":{"rendered":"https:\/\/ami.mr\/fr\/?p=220866"},"modified":"2023-04-29T15:00:01","modified_gmt":"2023-04-29T15:00:01","slug":"sortie-dune-promotion-de-48-jeunes-diplomes-de-lecole-denseignement-technique-et-de-formation-professionnelle-de-selibabi","status":"publish","type":"post","link":"https:\/\/ami.mr\/fr\/archives\/220866","title":{"rendered":"Sortie d\u2019une promotion de 48 jeunes dipl\u00f4m\u00e9s de l&#8217;Ecole d&#8217;Enseignement Technique et de Formation Professionnelle de S\u00e9libabi"},"content":{"rendered":"<p>Le wali adjoint du Guidimagha, M. Sidi Mohamed Ould Mohamed Ali Ould Soueilim, a supervis\u00e9, au si\u00e8ge de l\u2019\u00c9cole d&#8217;enseignement technique et de formation professionnelle \u00e0 S\u00e9libabi, la c\u00e9r\u00e9monie de remise de dipl\u00f4mes \u00e0 une promotion de jeunes dans les domaines de l&#8217;\u00e9lectricit\u00e9 rurale et de la sant\u00e9 animale.<\/p>\n<p>A cette occasion, le wali s\u2019est f\u00e9licit\u00e9 de la sortie de cette promotion, qui appartient \u00e0 15 villages ruraux, dans les domaines de l&#8217;\u00e9lectricit\u00e9 rurale et de la sant\u00e9 animale, exprimant ses remerciements \u00e0 l&#8217;Institut pour la Promotion de la Formation Professionnelle et au Programme R\u00e9gional d&#8217;Appui Pastoral au Sahel (PRAPS).<\/p>\n<p>Il a ajout\u00e9 que cette formation ouvrira le march\u00e9 de l\u2019emploi \u00e0 ces jeunes ruraux et permettra par cons\u00e9quent de r\u00e9duire le taux de ch\u00f4mage, conform\u00e9ment aux politiques de l&#8217;\u00c9tat en mati\u00e8re de promotion de la formation technique et professionnelle.<\/p>\n<p>Pour sa part, le vice-pr\u00e9sident du conseil r\u00e9gional du Guidimagha, Moustapha Ould Magha, a salu\u00e9 l\u2019int\u00e9r\u00eat de la formation de la jeunesse, consid\u00e9rant qu&#8217;elle est l&#8217;avenir et l&#8217;outil de d\u00e9veloppement du pays<\/p>\n<p>Le directeur de l\u2019\u00c9cole d&#8217;enseignement technique et de formation professionnelle de S\u00e9libabi, M. Mohamed Ould Mabrouk, a remerci\u00e9 les dipl\u00f4m\u00e9s pour leur assiduit\u00e9 et leur pers\u00e9v\u00e9rance durant la p\u00e9riode de formation, soulignant que cette formation s&#8217;inscrit dans le cadre de mise en \u0153uvre de l&#8217;axe relatif \u00e0 l&#8217;emploi des jeunes et \u00e0 la prise en charge des couches vuln\u00e9rables de la soci\u00e9t\u00e9 dans le programme de Son Excellence le Pr\u00e9sident de la R\u00e9publique, M. Mohamed Ould Cheikh El Ghazouani.<\/p>\n<p>Le directeur a remerci\u00e9 le Projet d&#8217;appui au syst\u00e8me pastoral au Sahel (PRAPS) et l&#8217;Institut de promotion de l&#8217;enseignement technique et de la formation professionnelle pour le partenariat fructueux qui a permis de surmonter les difficult\u00e9s dans le cadre du processus de la formation continue.<\/p>\n","protected":false},"excerpt":{"rendered":"<p>Le wali adjoint du Guidimagha, M. Sidi Mohamed Ould Mohamed Ali Ould Soueilim, a supervis\u00e9, au si\u00e8ge de l\u2019\u00c9cole d&#8217;enseignement technique et de formation professionnelle \u00e0 S\u00e9libabi, la c\u00e9r\u00e9monie de remise de dipl\u00f4mes \u00e0 une promotion de jeunes dans les domaines de l&#8217;\u00e9lectricit\u00e9 rurale et de la sant\u00e9 animale. A cette occasion, le wali s\u2019est [&hellip;]<\/p>\n","protected":false},"author":10,"featured_media":220867,"comment_status":"open","ping_status":"open","sticky":false,"template":"","format":"standard","meta":{"footnotes":""},"categories":[63918,63957,8672],"tags":[],"class_list":["post-220866","post","type-post","status-publish","format-standard","has-post-thumbnail","hentry","category-autres","category-fil-dactualite","category-8672"],"_links":{"self":[{"href":"https:\/\/ami.mr\/fr\/wp-json\/wp\/v2\/posts\/220866","targetHints":{"allow":["GET"]}}],"collection":[{"href":"https:\/\/ami.mr\/fr\/wp-json\/wp\/v2\/posts"}],"about":[{"href":"https:\/\/ami.mr\/fr\/wp-json\/wp\/v2\/types\/post"}],"author":[{"embeddable":true,"href":"https:\/\/ami.mr\/fr\/wp-json\/wp\/v2\/users\/10"}],"replies":[{"embeddable":true,"href":"https:\/\/ami.mr\/fr\/wp-json\/wp\/v2\/comments?post=220866"}],"version-history":[{"count":1,"href":"https:\/\/ami.mr\/fr\/wp-json\/wp\/v2\/posts\/220866\/revisions"}],"predecessor-version":[{"id":220868,"href":"https:\/\/ami.mr\/fr\/wp-json\/wp\/v2\/posts\/220866\/revisions\/220868"}],"wp:featuredmedia":[{"embeddable":true,"href":"https:\/\/ami.mr\/fr\/wp-json\/wp\/v2\/media\/220867"}],"wp:attachment":[{"href":"https:\/\/ami.mr\/fr\/wp-json\/wp\/v2\/media?parent=220866"}],"wp:term":[{"taxonomy":"category","embeddable":true,"href":"https:\/\/ami.mr\/fr\/wp-json\/wp\/v2\/categories?post=220866"},{"taxonomy":"post_tag","embeddable":true,"href":"https:\/\/ami.mr\/fr\/wp-json\/wp\/v2\/tags?post=220866"}],"curies":[{"name":"wp","href":"https:\/\/api.w.org\/{rel}","templated":true}]}}