{"id":220623,"date":"2023-04-26T21:24:49","date_gmt":"2023-04-26T21:24:49","guid":{"rendered":"https:\/\/ami.mr\/fr\/?p=220623"},"modified":"2023-04-28T02:34:24","modified_gmt":"2023-04-28T02:34:24","slug":"des-membres-du-gouvernement-commentent-les-resultats-du-conseil-des-ministres-132","status":"publish","type":"post","link":"https:\/\/ami.mr\/fr\/archives\/220623","title":{"rendered":"Des membres du gouvernement commentent les r\u00e9sultats du Conseil des ministres"},"content":{"rendered":"<div class=\"row\">\n<div class=\"cell auto-size padding20 no-padding-left no-padding-right no-padding-bottom flex-just-center\">\n<div class=\"bg-green fg-white padding10 margin10 block-shadow-error\">Des membres du gouvernement ont comment\u00e9, mercredi, \u00e0 Nouakchott, les r\u00e9sultats du Conseil des ministres tenue dans la matin\u00e9e.<\/div>\n<\/div>\n<\/div>\n<div class=\"row\">\n<div class=\"cell auto-size\">\n<div class=\"set-border bd-gray padding10 margin10 no-margin-right no-margin-left \" dir=\"ltr\">\n<p>Il s\u2019agit des ministres de l\u2019Equipement et des Transports, porte-parole du gouvernement, M. Nany Ould Chrougha, des Affaires \u00e9conomiques et de la promotion des Secteurs productif, M. Ousmane Mamoudou Kane, et de l\u2019Education nationale et de la R\u00e9forme du Syst\u00e8me \u00e9ducatif, M. Brahim Vall Ould Mohamed Lemine.<\/p>\n<p>Intervenant en premier, le Porte-parole du gouvernement a indiqu\u00e9 que le Conseil a examin\u00e9 et adopt\u00e9 plusieurs projets de d\u00e9crets et de communications ; dont un projet de communication portant sur la strat\u00e9gie nationale de lutte contre la corruption r\u00e9vis\u00e9e et un d\u00e9cret compl\u00e9tant certaines dispositions du pr\u00e9c\u00e9dent d\u00e9cret relatif \u00e0 l\u2019ad\u00e9quation et \u00e0 la simplification du r\u00e9gime salarial des fonctionnaires, agents et contractuels de l\u2019Etat.<img decoding=\"async\" class=\"size-medium wp-image-220629 alignleft\" src=\"https:\/\/ami.mr\/fr\/wp-content\/uploads\/2023\/04\/Untitled-14-300x135.jpg\" alt=\"\" width=\"300\" height=\"135\" srcset=\"https:\/\/ami.mr\/fr\/wp-content\/uploads\/2023\/04\/Untitled-14-300x135.jpg 300w, https:\/\/ami.mr\/fr\/wp-content\/uploads\/2023\/04\/Untitled-14-1024x461.jpg 1024w, https:\/\/ami.mr\/fr\/wp-content\/uploads\/2023\/04\/Untitled-14-768x346.jpg 768w, https:\/\/ami.mr\/fr\/wp-content\/uploads\/2023\/04\/Untitled-14.jpg 1400w\" sizes=\"(max-width: 300px) 100vw, 300px\" \/><\/p>\n<p>Interrog\u00e9 sur le bilan des trois derni\u00e8res ann\u00e9es du pouvoir de Son Excellence le Pr\u00e9sident de la R\u00e9publique, le porte-parole du gouvernement a d\u00e9clar\u00e9 que le peuple les a v\u00e9cus dans la fraternit\u00e9, la justice et la s\u00e9curit\u00e9. Et ce, malgr\u00e9 la situation locale et internationale difficile et les troubles s\u00e9curitaires dont la r\u00e9gion a \u00e9t\u00e9 t\u00e9moin, soulignant que pour y faire face l\u2019\u00c9tat a diversifi\u00e9 les m\u00e9canismes de solidarit\u00e9 au profit des couches vuln\u00e9rables de la soci\u00e9t\u00e9 \u00e0 travers la cr\u00e9ation de TAAZOUR et de la Caisse nationale de s\u00e9curit\u00e9 sociale et de solidarit\u00e9.<\/p>\n<p>Le porte-parole a soulign\u00e9 que cette p\u00e9riode a connu la croissance de l\u2019\u00e9conomie productive, comme l\u2019agriculture, l\u2019\u00e9levage et la p\u00eache, ayant permis le contr\u00f4le de tous les indicateurs \u00e9conomiques \u00e0 tous les niveaux, et l\u2019am\u00e9lioration des infrastructures notamment dans le domaine de l\u2019\u00e9ducation et des routes.<\/p>\n<p>En r\u00e9ponse \u00e0 une question relative \u00e0 l\u2019\u00e9vacuation des citoyens mauritaniens du Soudan, il a affirm\u00e9 que le processus d\u2019\u00e9vacuation a d\u00e9but\u00e9 fin de la semaine derni\u00e8re, bien que ce n\u2019\u00e9tait pas facile. \u00ab Nos concitoyens sont maintenant en Arabie Saoudite et arriveront mercredi soir \u00e0 Nouakchott. Nous remercions les pays qui ont contribu\u00e9 \u00e0 l\u2019op\u00e9ration, en particulier le Soudan et le Royaume d\u2019Arabie Saoudite \u00bb, a- t-il not\u00e9.<\/p>\n<p>Dans sa r\u00e9ponse \u00e0 une question sur la participation de certains ministres \u00e0 la campagne \u00e9lectorale du parti INSAF, le porte-parole du gouvernement a expliqu\u00e9 que ceci n\u2019affectera gu\u00e8re le travail de leurs d\u00e9partements, soulignant qu\u2019ils le font en tant qu\u2019adh\u00e9rents du parti.<\/p>\n<p>Commentant la communication relative \u00e0 la strat\u00e9gie nationale de la lutte contre la corruption r\u00e9vis\u00e9e, le ministre des affaires \u00e9conomiques a indiqu\u00e9 que notre pays disposait d\u2019une strat\u00e9gie depuis 2010, sauf que depuis son investiture le pr\u00e9sident de la R\u00e9publique a fait de la lutte contre la corruption une priorit\u00e9.<img decoding=\"async\" class=\"size-medium wp-image-220626 alignleft\" src=\"https:\/\/ami.mr\/fr\/wp-content\/uploads\/2023\/04\/Untitled-12-300x135.jpg\" alt=\"\" width=\"300\" height=\"135\" srcset=\"https:\/\/ami.mr\/fr\/wp-content\/uploads\/2023\/04\/Untitled-12-300x135.jpg 300w, https:\/\/ami.mr\/fr\/wp-content\/uploads\/2023\/04\/Untitled-12-1024x461.jpg 1024w, https:\/\/ami.mr\/fr\/wp-content\/uploads\/2023\/04\/Untitled-12-768x346.jpg 768w, https:\/\/ami.mr\/fr\/wp-content\/uploads\/2023\/04\/Untitled-12.jpg 1400w\" sizes=\"(max-width: 300px) 100vw, 300px\" \/><\/p>\n<p>Ayant fait le bilan de la mise en \u0153uvre de la strat\u00e9gie de 2010, de ses points forts, ses faiblesses, avec les r\u00e9alisations et les acquis, il a \u00e9t\u00e9 jug\u00e9 n\u00e9cessaire de faire une r\u00e9vision de la strat\u00e9gie.<\/p>\n<p>La pr\u00e9sente communication passe en revue les grands changements survenus dans le pays ces derni\u00e8res ann\u00e9es dans le domaine de la lutte contre la corruption. Elle dresse \u00e9galement les enjeux li\u00e9s \u00e0 son ex\u00e9cution, tout comme le plan d\u2019action de 110 activit\u00e9s dont la mise en \u0153uvre coutera environ 1 milliards MRU sur la p\u00e9riode de 2023-2030.<\/p>\n<p>Le ministre a pr\u00e9cis\u00e9 que l\u2019int\u00e9r\u00eat strat\u00e9gique de ladite strat\u00e9gie, c\u2019est qu\u2019elle identifie les secteurs foyers de la corruption et les fonctions qui sont sujet \u00e0 la corruption au sein de ces foyers.<\/p>\n<p>L\u2019autre aspect de la strat\u00e9gie, c\u2019est qu\u2019elle int\u00e8gre la communication comme volet indispensable dans la sensibilisation des citoyens sur les m\u00e9faits et les actes l\u00e9gislatifs et r\u00e9glementaire en mati\u00e8re de corruption.<\/p>\n<p>Dans le cadre de cette communication, il est pr\u00e9vu la c\u00e9l\u00e9bration d\u2019une journ\u00e9e d\u00e9di\u00e9e \u00e0 la diffusion du contenu de cette strat\u00e9gie. Une journ\u00e9e qui sera supervis\u00e9e par le Pr\u00e9sident de la R\u00e9publique et au cours de laquelle sera d\u00e9cern\u00e9 un troph\u00e9e \u00e0 la personne ou \u00e0 l\u2019institution jug\u00e9e la plus performante en mati\u00e8re de lutte contre la corruption dans notre pays.<\/p>\n<p>En r\u00e9ponse \u00e0 une question sur les garanties de la nouvelle strat\u00e9gie, M. Ousmane Mamoudou Kane a affirm\u00e9 que la mise en \u0153uvre de la strat\u00e9gie sera assur\u00e9e \u00e0 travers la cr\u00e9ation d\u2019une structure qui veillera sur sa mise en \u0153uvre effective.<\/p>\n<p>\u00ab Il s\u2019agit d\u2019un engagement fort de la part du gouvernement afin de mettre fin \u00e0 ce ph\u00e9nom\u00e8ne\u00bb, a fait remarquer le ministre.<\/p>\n<p>Au sujet d\u2019une question qui pr\u00e9tend que la cr\u00e9ation par l\u2019APIM d\u2019un grand nombre d\u2019entreprise participe \u00e0 la corruption, le ministre a fait remarquer que la cr\u00e9ation en soi d\u2019entreprises n\u2019est pas source de corruption ; par contre elle participe \u00e0 la croissance de l\u2019\u00e9conomie nationale.<\/p>\n<p>L\u2019enjeu, poursuit le ministre se situe au niveau de l\u2019usage par ces entreprises de leur statut l\u00e9gal pour participer \u00e0 la corruption \u00e0 travers les march\u00e9s publics.<\/p>\n<p>Au terme de son intervention le ministre a pass\u00e9 en revue le bilan de la visite de la d\u00e9l\u00e9gation de notre pays \u00e0 Washington ayant particip\u00e9 aux r\u00e9unions de printemps de la Banque mondiale et du Fonds mon\u00e9taire international.<\/p>\n<p>Au sujet du projet de d\u00e9cret compl\u00e9tant certaines dispositions du pr\u00e9c\u00e9dent d\u00e9cret relatif \u00e0 l\u2019ad\u00e9quation et \u00e0 la simplification du r\u00e9gime salarial des fonctionnaires, agents et contractuels de l\u2019Etat et des \u00e9tablissements \u00e0 caract\u00e8re administratif, le ministre de l\u2019\u00c9ducation Nationale a fait savoir que les formateurs dans les \u00e9coles de formation des instituteurs b\u00e9n\u00e9ficieront de certains droits, qui ont fait objet de p\u00e9titions depuis longtemps.<img decoding=\"async\" class=\"size-medium wp-image-220628 alignleft\" src=\"https:\/\/ami.mr\/fr\/wp-content\/uploads\/2023\/04\/Untitled-13-300x135.jpg\" alt=\"\" width=\"300\" height=\"135\" srcset=\"https:\/\/ami.mr\/fr\/wp-content\/uploads\/2023\/04\/Untitled-13-300x135.jpg 300w, https:\/\/ami.mr\/fr\/wp-content\/uploads\/2023\/04\/Untitled-13-1024x461.jpg 1024w, https:\/\/ami.mr\/fr\/wp-content\/uploads\/2023\/04\/Untitled-13-768x346.jpg 768w, https:\/\/ami.mr\/fr\/wp-content\/uploads\/2023\/04\/Untitled-13.jpg 1400w\" sizes=\"(max-width: 300px) 100vw, 300px\" \/><\/p>\n<p>Par ailleurs, il a not\u00e9 que le syst\u00e8me \u00e9ducatif national subit une profonde transformation \u00e0 la lumi\u00e8re de la r\u00e9forme entam\u00e9e avec la loi directive, soulignant que le d\u00e9partement a commenc\u00e9 la mise en \u0153uvre de l\u2019\u00e9cole r\u00e9publicaine \u00e9tant l\u2019une de ses caract\u00e9ristiques les plus importantes.<\/p>\n<p>Le ministre a ajout\u00e9 que parmi les efforts d\u00e9ploy\u00e9s pour prendre soin des ressources humaines, figurent les augmentations significatives dont ont r\u00e9cemment b\u00e9n\u00e9fici\u00e9es les prestataires de services de l\u2019enseignement, soulignant la poursuite des efforts visant \u00e0 cr\u00e9er les conditions appropri\u00e9es pour am\u00e9liorer l\u2019image des \u00e9tablissements d\u2019enseignement, renforcer les capacit\u00e9s des enseignants et r\u00e9viser nos programmes scolaires.<\/p>\n<p>M. Ould Mohamed Lemine a pass\u00e9 en revue les diff\u00e9rentes mesures qui ont \u00e9t\u00e9 prises pour l\u2019am\u00e9lioration de la qualit\u00e9 de l\u2019enseignement et l\u2019augmentation du taux de r\u00e9ussite dans les concours nationaux. Parmi ces mesures, explique- t-il, l\u2019organisation et la diffusion de cours de soutien sur l\u2019ensemble du territoire national, notamment pour les \u00e9l\u00e8ves en classes pr\u00e9paratoires.<\/p>\n<p>En r\u00e9ponse \u00e0 une question sur l\u2019apport de l\u2019enseignement priv\u00e9, le ministre a affirm\u00e9 qu\u2019il constitue un levier important de l\u2019\u00e9ducation nationale et a apport\u00e9 des contributions significatives. Cependant, ce secteur priv\u00e9 subit des d\u00e9s\u00e9quilibres, d\u2019o\u00f9 l\u2019imp\u00e9ratif de l\u2019organiser et contr\u00f4ler son fonctionnement pour qu\u2019il soit en conformit\u00e9 avec les nouvelles orientations du syst\u00e8me \u00e9ducatif.<\/p>\n<p>C\u2019est pourquoi, a-t-il dit, le d\u00e9partement est dispos\u00e9 \u00e0 collaborer avec les acteurs de ce secteur priv\u00e9 afin de les accompagner dans ce processus d\u2019organisation du secteur.<\/p>\n<\/div>\n<\/div>\n<\/div>\n","protected":false},"excerpt":{"rendered":"<p>Des membres du gouvernement ont comment\u00e9, mercredi, \u00e0 Nouakchott, les r\u00e9sultats du Conseil des ministres tenue dans la matin\u00e9e. Il s\u2019agit des ministres de l\u2019Equipement et des Transports, porte-parole du gouvernement, M. Nany Ould Chrougha, des Affaires \u00e9conomiques et de la promotion des Secteurs productif, M. Ousmane Mamoudou Kane, et de l\u2019Education nationale et de [&hellip;]<\/p>\n","protected":false},"author":18,"featured_media":220624,"comment_status":"open","ping_status":"open","sticky":false,"template":"","format":"standard","meta":{"footnotes":""},"categories":[63919,63957,63959,63921,63927],"tags":[],"class_list":["post-220623","post","type-post","status-publish","format-standard","has-post-thumbnail","hentry","category-choix-du-redacteur","category-fil-dactualite","category-mauritanie","category-slider-afficher","category-slider-mauritanie"],"_links":{"self":[{"href":"https:\/\/ami.mr\/fr\/wp-json\/wp\/v2\/posts\/220623","targetHints":{"allow":["GET"]}}],"collection":[{"href":"https:\/\/ami.mr\/fr\/wp-json\/wp\/v2\/posts"}],"about":[{"href":"https:\/\/ami.mr\/fr\/wp-json\/wp\/v2\/types\/post"}],"author":[{"embeddable":true,"href":"https:\/\/ami.mr\/fr\/wp-json\/wp\/v2\/users\/18"}],"replies":[{"embeddable":true,"href":"https:\/\/ami.mr\/fr\/wp-json\/wp\/v2\/comments?post=220623"}],"version-history":[{"count":2,"href":"https:\/\/ami.mr\/fr\/wp-json\/wp\/v2\/posts\/220623\/revisions"}],"predecessor-version":[{"id":220631,"href":"https:\/\/ami.mr\/fr\/wp-json\/wp\/v2\/posts\/220623\/revisions\/220631"}],"wp:featuredmedia":[{"embeddable":true,"href":"https:\/\/ami.mr\/fr\/wp-json\/wp\/v2\/media\/220624"}],"wp:attachment":[{"href":"https:\/\/ami.mr\/fr\/wp-json\/wp\/v2\/media?parent=220623"}],"wp:term":[{"taxonomy":"category","embeddable":true,"href":"https:\/\/ami.mr\/fr\/wp-json\/wp\/v2\/categories?post=220623"},{"taxonomy":"post_tag","embeddable":true,"href":"https:\/\/ami.mr\/fr\/wp-json\/wp\/v2\/tags?post=220623"}],"curies":[{"name":"wp","href":"https:\/\/api.w.org\/{rel}","templated":true}]}}