{"id":220619,"date":"2023-04-26T20:51:28","date_gmt":"2023-04-26T20:51:28","guid":{"rendered":"https:\/\/ami.mr\/fr\/?p=220619"},"modified":"2023-04-26T20:51:48","modified_gmt":"2023-04-26T20:51:48","slug":"la-mauritanie-participe-au-sixieme-sommet-de-la-transformation-numerique-de-lafrique","status":"publish","type":"post","link":"https:\/\/ami.mr\/fr\/archives\/220619","title":{"rendered":"La Mauritanie participe au sixi\u00e8me sommet de la transformation num\u00e9rique de l&#8217;Afrique"},"content":{"rendered":"<div class=\"row\">\n<div class=\"cell auto-size bd-gray\" dir=\"ltr\">Le ministre de la Transformation num\u00e9rique, de l&#8217;Innovation et de la Modernisation de l\u2019Administration, Moctar Ould Ahmed El Yedaly, a particip\u00e9, mercredi, en tant que repr\u00e9sentant de notre pays, \u00e0 l&#8217;ouverture du Sixi\u00e8me Sommet de la transformation num\u00e9rique de l&#8217;Afrique qui se tient au Zimbabwe du 26 au 28 avril 2023.<\/div>\n<\/div>\n<div class=\"row\">\n<div class=\"cell auto-size\">\n<div class=\"set-border bd-gray padding10 margin10 no-margin-right no-margin-left \" dir=\"ltr\">\n<p>Le programme du ministre lors de ce sommet pr\u00e9voit sa participation \u00e0 de nombreux \u00e9v\u00e9nements de grande importance en rapport avec la transformation num\u00e9rique en Afrique.<\/p>\n<p>Le sommet se tient sous le th\u00e8me &#8220;Connexion, innovation et transformation&#8221; et vise \u00e0 permettre aux \u00c9tats membres de devenir des \u00e9conomies intelligentes plus comp\u00e9titives, flexibles, ouvertes et innovantes.<\/p>\n<p>Notons que le sommet sur la transformation de l&#8217;Afrique est le forum africain annuel le plus important qui rassemble des dirigeants mondiaux et r\u00e9gionaux de gouvernements, du secteur des affaires et d&#8217;organisations internationales, dans le but d&#8217;\u00e9tablir une coop\u00e9ration pour trouver des moyens efficaces susceptibles d&#8217;acc\u00e9l\u00e9rer et soutenir la r\u00e9volution num\u00e9rique en cours en Afrique.<\/p>\n<\/div>\n<\/div>\n<\/div>\n","protected":false},"excerpt":{"rendered":"<p>Le ministre de la Transformation num\u00e9rique, de l&#8217;Innovation et de la Modernisation de l\u2019Administration, Moctar Ould Ahmed El Yedaly, a particip\u00e9, mercredi, en tant que repr\u00e9sentant de notre pays, \u00e0 l&#8217;ouverture du Sixi\u00e8me Sommet de la transformation num\u00e9rique de l&#8217;Afrique qui se tient au Zimbabwe du 26 au 28 avril 2023. Le programme du ministre [&hellip;]<\/p>\n","protected":false},"author":18,"featured_media":220620,"comment_status":"open","ping_status":"open","sticky":false,"template":"","format":"standard","meta":{"footnotes":""},"categories":[63918,63919,63957],"tags":[],"class_list":["post-220619","post","type-post","status-publish","format-standard","has-post-thumbnail","hentry","category-autres","category-choix-du-redacteur","category-fil-dactualite"],"_links":{"self":[{"href":"https:\/\/ami.mr\/fr\/wp-json\/wp\/v2\/posts\/220619","targetHints":{"allow":["GET"]}}],"collection":[{"href":"https:\/\/ami.mr\/fr\/wp-json\/wp\/v2\/posts"}],"about":[{"href":"https:\/\/ami.mr\/fr\/wp-json\/wp\/v2\/types\/post"}],"author":[{"embeddable":true,"href":"https:\/\/ami.mr\/fr\/wp-json\/wp\/v2\/users\/18"}],"replies":[{"embeddable":true,"href":"https:\/\/ami.mr\/fr\/wp-json\/wp\/v2\/comments?post=220619"}],"version-history":[{"count":2,"href":"https:\/\/ami.mr\/fr\/wp-json\/wp\/v2\/posts\/220619\/revisions"}],"predecessor-version":[{"id":220622,"href":"https:\/\/ami.mr\/fr\/wp-json\/wp\/v2\/posts\/220619\/revisions\/220622"}],"wp:featuredmedia":[{"embeddable":true,"href":"https:\/\/ami.mr\/fr\/wp-json\/wp\/v2\/media\/220620"}],"wp:attachment":[{"href":"https:\/\/ami.mr\/fr\/wp-json\/wp\/v2\/media?parent=220619"}],"wp:term":[{"taxonomy":"category","embeddable":true,"href":"https:\/\/ami.mr\/fr\/wp-json\/wp\/v2\/categories?post=220619"},{"taxonomy":"post_tag","embeddable":true,"href":"https:\/\/ami.mr\/fr\/wp-json\/wp\/v2\/tags?post=220619"}],"curies":[{"name":"wp","href":"https:\/\/api.w.org\/{rel}","templated":true}]}}