{"id":220616,"date":"2023-04-26T20:14:06","date_gmt":"2023-04-26T20:14:06","guid":{"rendered":"https:\/\/ami.mr\/fr\/?p=220616"},"modified":"2023-04-26T20:14:06","modified_gmt":"2023-04-26T20:14:06","slug":"le-commissaire-aux-droits-de-lhomme-participe-a-une-session-de-discussion-du-projet-de-la-feuille-de-route-regionale-pour-eradiquer-la-traite-des-etres-humains","status":"publish","type":"post","link":"https:\/\/ami.mr\/fr\/archives\/220616","title":{"rendered":"Le Commissaire aux droits de l&#8217;homme participe \u00e0 une session de discussion du projet de la feuille de route r\u00e9gionale pour \u00e9radiquer la traite des \u00eatres humains"},"content":{"rendered":"<div class=\"row\">\n<div class=\"cell auto-size bd-gray\" dir=\"ltr\"><\/div>\n<\/div>\n<div class=\"row\">\n<div class=\"cell auto-size\">\n<div class=\"set-border bd-gray padding10 margin10 no-margin-right no-margin-left \" dir=\"ltr\">\n<p>&#8211; Le Commissaire aux droits de l&#8217;homme, \u00e0 l&#8217;action humanitaire et aux relations avec la soci\u00e9t\u00e9 civile, M. Cheikh Ahmedou Ould Ahmed Salem Ould Sidi, a particip\u00e9 ce mercredi \u00e0 Freetown, aux travaux de la table minist\u00e9rielle organis\u00e9e dans le cadre des activit\u00e9s de la Conf\u00e9rence r\u00e9gionale sur l&#8217;\u00e9radication de la traite des \u00eatres humains dans la Communaut\u00e9 \u00e9conomique des \u00c9tats de l&#8217;Afrique de l&#8217;Ouest (CEDEAO).<\/p>\n<p>Cette session a \u00e9t\u00e9 consacr\u00e9e \u00e0 l&#8217;examen d&#8217;un projet de feuille de route sur l&#8217;\u00e9limination de la traite des \u00eatres humains dans cette r\u00e9gion, bas\u00e9e sur le renforcement de la coop\u00e9ration entre les \u00c9tats membres, la coordination et l&#8217;intensification des efforts pour \u00e9radiquer ce ph\u00e9nom\u00e8ne.<\/p>\n<p>Le Commissaire a pr\u00e9sent\u00e9 \u00e0 cette occasion un document contenant l&#8217;avis de notre pays sur le projet de feuille de route susmentionn\u00e9, mettant en exergue les aspects de la coop\u00e9ration entre la Mauritanie et cette organisation r\u00e9gionale dans le domaine de la lutte contre la traite des \u00eatres humains.<\/p>\n<p>Notre pays participe \u00e0 cette conf\u00e9rence \u00e0 l&#8217;invitation de la R\u00e9publique de Sierra Leone et de la Communaut\u00e9 \u00e9conomique des \u00c9tats de l&#8217;Afrique de l&#8217;Ouest, en reconnaissance aux avanc\u00e9es remarquables r\u00e9alis\u00e9es par la Mauritanie dans le domaine de la lutte contre la traite des \u00eatres humains et pour tirer profit de notre exp\u00e9rience en la mati\u00e8re.<\/p>\n<p>&nbsp;<\/p>\n<p>&nbsp;<\/p>\n<p>&nbsp;<\/p>\n<p>&nbsp;<\/p>\n<\/div>\n<\/div>\n<\/div>\n","protected":false},"excerpt":{"rendered":"<p>&#8211; Le Commissaire aux droits de l&#8217;homme, \u00e0 l&#8217;action humanitaire et aux relations avec la soci\u00e9t\u00e9 civile, M. Cheikh Ahmedou Ould Ahmed Salem Ould Sidi, a particip\u00e9 ce mercredi \u00e0 Freetown, aux travaux de la table minist\u00e9rielle organis\u00e9e dans le cadre des activit\u00e9s de la Conf\u00e9rence r\u00e9gionale sur l&#8217;\u00e9radication de la traite des \u00eatres humains [&hellip;]<\/p>\n","protected":false},"author":18,"featured_media":220617,"comment_status":"open","ping_status":"open","sticky":false,"template":"","format":"standard","meta":{"footnotes":""},"categories":[63918,63919,63957],"tags":[],"class_list":["post-220616","post","type-post","status-publish","format-standard","has-post-thumbnail","hentry","category-autres","category-choix-du-redacteur","category-fil-dactualite"],"_links":{"self":[{"href":"https:\/\/ami.mr\/fr\/wp-json\/wp\/v2\/posts\/220616","targetHints":{"allow":["GET"]}}],"collection":[{"href":"https:\/\/ami.mr\/fr\/wp-json\/wp\/v2\/posts"}],"about":[{"href":"https:\/\/ami.mr\/fr\/wp-json\/wp\/v2\/types\/post"}],"author":[{"embeddable":true,"href":"https:\/\/ami.mr\/fr\/wp-json\/wp\/v2\/users\/18"}],"replies":[{"embeddable":true,"href":"https:\/\/ami.mr\/fr\/wp-json\/wp\/v2\/comments?post=220616"}],"version-history":[{"count":1,"href":"https:\/\/ami.mr\/fr\/wp-json\/wp\/v2\/posts\/220616\/revisions"}],"predecessor-version":[{"id":220618,"href":"https:\/\/ami.mr\/fr\/wp-json\/wp\/v2\/posts\/220616\/revisions\/220618"}],"wp:featuredmedia":[{"embeddable":true,"href":"https:\/\/ami.mr\/fr\/wp-json\/wp\/v2\/media\/220617"}],"wp:attachment":[{"href":"https:\/\/ami.mr\/fr\/wp-json\/wp\/v2\/media?parent=220616"}],"wp:term":[{"taxonomy":"category","embeddable":true,"href":"https:\/\/ami.mr\/fr\/wp-json\/wp\/v2\/categories?post=220616"},{"taxonomy":"post_tag","embeddable":true,"href":"https:\/\/ami.mr\/fr\/wp-json\/wp\/v2\/tags?post=220616"}],"curies":[{"name":"wp","href":"https:\/\/api.w.org\/{rel}","templated":true}]}}