{"id":220344,"date":"2023-04-20T18:33:17","date_gmt":"2023-04-20T18:33:17","guid":{"rendered":"https:\/\/ami.mr\/fr\/?p=220344"},"modified":"2023-04-20T18:33:17","modified_gmt":"2023-04-20T18:33:17","slug":"le-conseil-regional-de-nouakchott-cloture-sa-deuxieme-session-ordinaire-de-lannee-2023","status":"publish","type":"post","link":"https:\/\/ami.mr\/fr\/archives\/220344","title":{"rendered":"Le conseil r\u00e9gional de Nouakchott cl\u00f4ture sa deuxi\u00e8me session ordinaire de l&#8217;ann\u00e9e 2023"},"content":{"rendered":"<div class=\"row\">\n<div class=\"cell auto-size bd-gray\" dir=\"ltr\"><\/div>\n<\/div>\n<div class=\"row\">\n<div class=\"cell auto-size\">\n<div class=\"set-border bd-gray padding10 margin10 no-margin-right no-margin-left \" dir=\"ltr\">\n<p>Le Conseil r\u00e9gional de Nouakchott a cl\u00f4tur\u00e9 jeudi apr\u00e8s-midi, sa deuxi\u00e8me session ordinaire de l&#8217;ann\u00e9e en cours.<\/p>\n<p>Au cours de sa session de dix jours, le Conseil a approuv\u00e9 une d\u00e9lib\u00e9ration pr\u00e9voyant l&#8217;octroi aux travailleurs de la r\u00e9gion de Nouakchott d&#8217;une indemnit\u00e9 de 20 000 anciennes ouguiyas, annonc\u00e9e par Son Excellence le Pr\u00e9sident de la R\u00e9publique \u00e0 l&#8217;occasion de la f\u00eate de l&#8217;ind\u00e9pendance nationale.<\/p>\n<p>Le Conseil a \u00e9galement approuv\u00e9 une d\u00e9lib\u00e9ration relative \u00e0 l&#8217;approbation par le Conseil des comptes administratifs et de gestion pour l&#8217;ann\u00e9e 2022, ainsi que du budget rectificatif pour l&#8217;ann\u00e9e 2023.<\/p>\n<\/div>\n<\/div>\n<\/div>\n","protected":false},"excerpt":{"rendered":"<p>Le Conseil r\u00e9gional de Nouakchott a cl\u00f4tur\u00e9 jeudi apr\u00e8s-midi, sa deuxi\u00e8me session ordinaire de l&#8217;ann\u00e9e en cours. Au cours de sa session de dix jours, le Conseil a approuv\u00e9 une d\u00e9lib\u00e9ration pr\u00e9voyant l&#8217;octroi aux travailleurs de la r\u00e9gion de Nouakchott d&#8217;une indemnit\u00e9 de 20 000 anciennes ouguiyas, annonc\u00e9e par Son Excellence le Pr\u00e9sident de la [&hellip;]<\/p>\n","protected":false},"author":18,"featured_media":220345,"comment_status":"open","ping_status":"open","sticky":false,"template":"","format":"standard","meta":{"footnotes":""},"categories":[63918,63919,63957],"tags":[],"class_list":["post-220344","post","type-post","status-publish","format-standard","has-post-thumbnail","hentry","category-autres","category-choix-du-redacteur","category-fil-dactualite"],"_links":{"self":[{"href":"https:\/\/ami.mr\/fr\/wp-json\/wp\/v2\/posts\/220344","targetHints":{"allow":["GET"]}}],"collection":[{"href":"https:\/\/ami.mr\/fr\/wp-json\/wp\/v2\/posts"}],"about":[{"href":"https:\/\/ami.mr\/fr\/wp-json\/wp\/v2\/types\/post"}],"author":[{"embeddable":true,"href":"https:\/\/ami.mr\/fr\/wp-json\/wp\/v2\/users\/18"}],"replies":[{"embeddable":true,"href":"https:\/\/ami.mr\/fr\/wp-json\/wp\/v2\/comments?post=220344"}],"version-history":[{"count":1,"href":"https:\/\/ami.mr\/fr\/wp-json\/wp\/v2\/posts\/220344\/revisions"}],"predecessor-version":[{"id":220346,"href":"https:\/\/ami.mr\/fr\/wp-json\/wp\/v2\/posts\/220344\/revisions\/220346"}],"wp:featuredmedia":[{"embeddable":true,"href":"https:\/\/ami.mr\/fr\/wp-json\/wp\/v2\/media\/220345"}],"wp:attachment":[{"href":"https:\/\/ami.mr\/fr\/wp-json\/wp\/v2\/media?parent=220344"}],"wp:term":[{"taxonomy":"category","embeddable":true,"href":"https:\/\/ami.mr\/fr\/wp-json\/wp\/v2\/categories?post=220344"},{"taxonomy":"post_tag","embeddable":true,"href":"https:\/\/ami.mr\/fr\/wp-json\/wp\/v2\/tags?post=220344"}],"curies":[{"name":"wp","href":"https:\/\/api.w.org\/{rel}","templated":true}]}}