{"id":219491,"date":"2023-04-06T15:08:07","date_gmt":"2023-04-06T15:08:07","guid":{"rendered":"https:\/\/ami.mr\/fr\/?p=219491"},"modified":"2023-04-06T15:08:07","modified_gmt":"2023-04-06T15:08:07","slug":"luniversite-des-sciences-islamiques-daioun-organise-une-journee-dencadrement-des-etudiants-en-master","status":"publish","type":"post","link":"https:\/\/ami.mr\/fr\/archives\/219491","title":{"rendered":"L\u2019Universit\u00e9 des sciences islamiques d\u2019A\u00efoun organise une journ\u00e9e d\u2019encadrement des \u00e9tudiants en master"},"content":{"rendered":"<p>Le D\u00e9canat des \u00e9tudes sup\u00e9rieures \u00e0 l&#8217;Universit\u00e9 des sciences islamiques d\u2019A\u00efoun a organis\u00e9, jeudi, une journ\u00e9e d&#8217;\u00e9tude pour encadrer les \u00e9tudiants en master \u00e0 l&#8217;universit\u00e9.<\/p>\n<p>Le programme de la journ\u00e9e d&#8217;\u00e9tude comprend une pr\u00e9sentation documentant les activit\u00e9s et les programmes du D\u00e9canat des \u00e9tudes sup\u00e9rieures et des sessions scientifiques qui traitaient de l&#8217;analyse et des m\u00e9thodes de recherche scientifique et des moyens d&#8217;am\u00e9lioration des capacit\u00e9s et de mise \u00e0 niveau des comp\u00e9tences des \u00e9tudiants de troisi\u00e8me cycle, en plus de l\u2019introduction du syst\u00e8me LMD et de l\u2019engagement b\u00e9n\u00e9vole de l\u2019\u00e9tudiant au service de la communaut\u00e9.<\/p>\n<p>Le pr\u00e9sident de l&#8217;Universit\u00e9 des sciences islamiques, M. Mohamedou Lemrabott Jeyid, a indiqu\u00e9 \u00e0 cette occasion que les r\u00e9formes institutionnelles dont l&#8217;universit\u00e9 a \u00e9t\u00e9 l\u2019objet au cours des trois derni\u00e8res ann\u00e9es ont permis de diversifier et d&#8217;augmenter les offres de formation \u00e0 l&#8217;universit\u00e9 agr\u00e9\u00e9es par le Conseil national de l&#8217;enseignement sup\u00e9rieur et de la recherche scientifique, et qu&#8217;il veille d\u00e9sormais au parach\u00e8vement de la fili\u00e8re LMD.<\/p>\n<p>Il a ajout\u00e9 que, sur la base du programme \u00e9lectoral de Son Excellence le Pr\u00e9sident de la R\u00e9publique, Monsieur Mohamed Ould Cheikh El Ghazouani, qui vise \u00e0 atteindre l&#8217;\u00e9quit\u00e9 et la qualit\u00e9 pour assurer une \u00e9ducation inclusive de qualit\u00e9, ces s\u00e9minaires et sessions scientifiques sont organis\u00e9s par des professeurs de l&#8217;universit\u00e9, des chercheurs et docteurs de plusieurs universit\u00e9s internationales par visioconf\u00e9rence.<\/p>\n<p>Le pr\u00e9sident de l&#8217;universit\u00e9 a appr\u00e9ci\u00e9 le r\u00f4le jou\u00e9 par le d\u00e9canat des \u00e9tudes sup\u00e9rieures dans l&#8217;\u00e9l\u00e9vation des connaissances et du niveau acad\u00e9mique de l&#8217;universit\u00e9.<\/p>\n","protected":false},"excerpt":{"rendered":"<p>Le D\u00e9canat des \u00e9tudes sup\u00e9rieures \u00e0 l&#8217;Universit\u00e9 des sciences islamiques d\u2019A\u00efoun a organis\u00e9, jeudi, une journ\u00e9e d&#8217;\u00e9tude pour encadrer les \u00e9tudiants en master \u00e0 l&#8217;universit\u00e9. Le programme de la journ\u00e9e d&#8217;\u00e9tude comprend une pr\u00e9sentation documentant les activit\u00e9s et les programmes du D\u00e9canat des \u00e9tudes sup\u00e9rieures et des sessions scientifiques qui traitaient de l&#8217;analyse et des [&hellip;]<\/p>\n","protected":false},"author":5,"featured_media":219492,"comment_status":"open","ping_status":"open","sticky":false,"template":"","format":"standard","meta":{"footnotes":""},"categories":[63918,63957,63923,8672],"tags":[],"class_list":["post-219491","post","type-post","status-publish","format-standard","has-post-thumbnail","hentry","category-autres","category-fil-dactualite","category-slider-wilayas","category-8672"],"_links":{"self":[{"href":"https:\/\/ami.mr\/fr\/wp-json\/wp\/v2\/posts\/219491","targetHints":{"allow":["GET"]}}],"collection":[{"href":"https:\/\/ami.mr\/fr\/wp-json\/wp\/v2\/posts"}],"about":[{"href":"https:\/\/ami.mr\/fr\/wp-json\/wp\/v2\/types\/post"}],"author":[{"embeddable":true,"href":"https:\/\/ami.mr\/fr\/wp-json\/wp\/v2\/users\/5"}],"replies":[{"embeddable":true,"href":"https:\/\/ami.mr\/fr\/wp-json\/wp\/v2\/comments?post=219491"}],"version-history":[{"count":1,"href":"https:\/\/ami.mr\/fr\/wp-json\/wp\/v2\/posts\/219491\/revisions"}],"predecessor-version":[{"id":219493,"href":"https:\/\/ami.mr\/fr\/wp-json\/wp\/v2\/posts\/219491\/revisions\/219493"}],"wp:featuredmedia":[{"embeddable":true,"href":"https:\/\/ami.mr\/fr\/wp-json\/wp\/v2\/media\/219492"}],"wp:attachment":[{"href":"https:\/\/ami.mr\/fr\/wp-json\/wp\/v2\/media?parent=219491"}],"wp:term":[{"taxonomy":"category","embeddable":true,"href":"https:\/\/ami.mr\/fr\/wp-json\/wp\/v2\/categories?post=219491"},{"taxonomy":"post_tag","embeddable":true,"href":"https:\/\/ami.mr\/fr\/wp-json\/wp\/v2\/tags?post=219491"}],"curies":[{"name":"wp","href":"https:\/\/api.w.org\/{rel}","templated":true}]}}