{"id":219461,"date":"2023-04-05T18:16:53","date_gmt":"2023-04-05T18:16:53","guid":{"rendered":"https:\/\/ami.mr\/fr\/?p=219461"},"modified":"2023-04-05T18:16:53","modified_gmt":"2023-04-05T18:16:53","slug":"au-conseil-des-ministres-apurer-le-cadastre-minier-pour-quil-puisse-etre-ouvert-au-public-en-toute-transparence-et-equite","status":"publish","type":"post","link":"https:\/\/ami.mr\/fr\/archives\/219461","title":{"rendered":"Au Conseil des ministres: Apurer le cadastre minier pour qu&#8217;il puisse \u00eatre ouvert au public, en toute transparence et \u00e9quit\u00e9"},"content":{"rendered":"<p>Le Conseil des Ministres s&#8217;est r\u00e9uni le mercredi 05 avril 2023, sous la pr\u00e9sidence de Son Excellence Monsieur le Pr\u00e9sident de la R\u00e9publique, Mohamed Ould Cheikh El-Ghazouani.<\/p>\n<p>Le Conseil a examin\u00e9 et adopt\u00e9 les projets de d\u00e9crets suivants :<\/p>\n<p>\u2010 Projet de d\u00e9cret fixant les modalit\u00e9s de pr\u00e9sentation et d\u2019instruction des demandes d\u2019ouverture d\u2019\u00e9tablissement pharmaceutique d\u2019importation et de distribution en gros des m\u00e9dicaments.<\/p>\n<p>En application des dispositions de l\u2019article 41 de la loi 2010-022 du 22 f\u00e9vrier 2010, modifi\u00e9e, relative \u00e0 la pharmacie, le pr\u00e9sent projet de d\u00e9cret a pour objectif de fixer les modalit\u00e9s de pr\u00e9sentation et d\u2019instruction des demandes d\u2019autorisation d\u2019ouverture d\u2019\u00e9tablissement pharmaceutique d\u2019importation et de distribution en gros, ainsi que les \u00e9l\u00e9ments de dossiers devant figurer dans la demande d\u2019autorisation.<\/p>\n<p>\u2010 Projet de d\u00e9cret portant nomination du Pr\u00e9sident et des Membres du Conseil d\u2019Administration de l\u2019Agence Mauritanienne de S\u00e9curit\u00e9 Sanitaire des Aliments (AMSSA).<\/p>\n<p>Le ministre des Affaires \u00c9trang\u00e8res, de la Coop\u00e9ration et des Mauritaniens de l\u2019Ext\u00e9rieur a pr\u00e9sent\u00e9 une communication relative \u00e0 la situation internationale.<\/p>\n<p>Le ministre de l\u2019Int\u00e9rieur et de la D\u00e9centralisation a pr\u00e9sent\u00e9 une communication relative \u00e0 la situation int\u00e9rieure.<\/p>\n<p>Le ministre du P\u00e9trole, des Mines et de l\u2019\u00c9nergie a pr\u00e9sent\u00e9 une communication relative \u00e0 la gestion des instances du cadastre minier.<\/p>\n<p>Cette communication vise \u00e0 apurer toutes les instances cadastrales, afin que le cadastre minier puisse \u00eatre ouvert au public, en toute transparence et \u00e9quit\u00e9 entre les diff\u00e9rents op\u00e9rateurs, sans aucune discrimination, conform\u00e9ment aux dispositions l\u00e9gales et r\u00e8glementaires en vigueur, et ce \u00e0 l\u2019horizon de fin juin 2023.<\/p>\n<p>Enfin, le Conseil a pris les mesures individuelles suivantes :<\/p>\n<p>Minist\u00e8re de l\u2019Emploi, de la Formation Professionnelle<\/p>\n<p>Cabinet du Ministre<\/p>\n<p>Inspection Interne<\/p>\n<p>\u2010 Inspecteur charg\u00e9 du secteur industriel : Youba Jaavar, Ing\u00e9nieur en M\u00e9canique, pr\u00e9c\u00e9demment Chef Service \u00e0 l\u2019Ecole de l\u2019Enseignement Technique, de la Formation Professionnelle et des Technologies, de l\u2019Information et de la Communication.<\/p>\n<p>\u2010 Inspecteur Charg\u00e9 du Secteur Agricole, Ba Louty Mamadou, titulaire d\u2019une Maitrise en Histoire et G\u00e9ographie, pr\u00e9c\u00e9demment Conseiller P\u00e9dagogique \u00e0 la Cellule Nationale d\u2019\u00c9valuation et de Suivi au Minist\u00e8re de l\u2019\u00c9ducation Nationale et de la R\u00e9forme du Syst\u00e8me \u00c9ducatif.<\/p>\n<p>\u2010 Inspecteur charg\u00e9 de l&#8217;enseignement Technique Publique et Priv\u00e9, Mohamed Ahmed Mohamed Saleck, titulaire d\u2019une Maitrise d\u2019Enseignement Technique, pr\u00e9c\u00e9demment cadre au minist\u00e8re.<\/p>\n<p>Administration centrale<\/p>\n<p>Direction G\u00e9n\u00e9rale de la Formation Technique et Professionnelle<\/p>\n<p>Direction de la Formation<\/p>\n<p>\u2010 Directrice : Habsatou ATHIE, Professeure, pr\u00e9c\u00e9demment Charg\u00e9e de l\u2019Ing\u00e9nierie de formation au Centre de D\u00e9veloppement des Comp\u00e9tences au Centre Sup\u00e9rieur d\u2019Enseignement Technique (CSET).<\/p>\n<p>Directeur de la Coordination des \u00c9tablissements de Formation<\/p>\n<p>\u2010 Directeur : Ahmedou Mohamed Yahya, Ing\u00e9nieur d\u2019Etat en P\u00e9dologie, pr\u00e9c\u00e9demment Chef de Service de l\u2019Administration des \u00c9tablissements de Formation \u00e0 la DGFTP.<\/p>\n<p>Minist\u00e8re de la Culture, de la Jeunesse, des Sports et des Relations avec le Parlement<\/p>\n<p>Cabinet du Ministre<\/p>\n<p>&#8211; Charg\u00e9e de mission : Lalla Zerrough, Professeure de l\u2019Enseignement Secondaire.<\/p>\n","protected":false},"excerpt":{"rendered":"<p>Le Conseil des Ministres s&#8217;est r\u00e9uni le mercredi 05 avril 2023, sous la pr\u00e9sidence de Son Excellence Monsieur le Pr\u00e9sident de la R\u00e9publique, Mohamed Ould Cheikh El-Ghazouani. Le Conseil a examin\u00e9 et adopt\u00e9 les projets de d\u00e9crets suivants : \u2010 Projet de d\u00e9cret fixant les modalit\u00e9s de pr\u00e9sentation et d\u2019instruction des demandes d\u2019ouverture d\u2019\u00e9tablissement pharmaceutique [&hellip;]<\/p>\n","protected":false},"author":2,"featured_media":219462,"comment_status":"open","ping_status":"open","sticky":false,"template":"","format":"standard","meta":{"footnotes":""},"categories":[63919,63957,63959,63921,63927],"tags":[],"class_list":["post-219461","post","type-post","status-publish","format-standard","has-post-thumbnail","hentry","category-choix-du-redacteur","category-fil-dactualite","category-mauritanie","category-slider-afficher","category-slider-mauritanie"],"_links":{"self":[{"href":"https:\/\/ami.mr\/fr\/wp-json\/wp\/v2\/posts\/219461","targetHints":{"allow":["GET"]}}],"collection":[{"href":"https:\/\/ami.mr\/fr\/wp-json\/wp\/v2\/posts"}],"about":[{"href":"https:\/\/ami.mr\/fr\/wp-json\/wp\/v2\/types\/post"}],"author":[{"embeddable":true,"href":"https:\/\/ami.mr\/fr\/wp-json\/wp\/v2\/users\/2"}],"replies":[{"embeddable":true,"href":"https:\/\/ami.mr\/fr\/wp-json\/wp\/v2\/comments?post=219461"}],"version-history":[{"count":1,"href":"https:\/\/ami.mr\/fr\/wp-json\/wp\/v2\/posts\/219461\/revisions"}],"predecessor-version":[{"id":219463,"href":"https:\/\/ami.mr\/fr\/wp-json\/wp\/v2\/posts\/219461\/revisions\/219463"}],"wp:featuredmedia":[{"embeddable":true,"href":"https:\/\/ami.mr\/fr\/wp-json\/wp\/v2\/media\/219462"}],"wp:attachment":[{"href":"https:\/\/ami.mr\/fr\/wp-json\/wp\/v2\/media?parent=219461"}],"wp:term":[{"taxonomy":"category","embeddable":true,"href":"https:\/\/ami.mr\/fr\/wp-json\/wp\/v2\/categories?post=219461"},{"taxonomy":"post_tag","embeddable":true,"href":"https:\/\/ami.mr\/fr\/wp-json\/wp\/v2\/tags?post=219461"}],"curies":[{"name":"wp","href":"https:\/\/api.w.org\/{rel}","templated":true}]}}