{"id":218819,"date":"2023-03-24T00:03:26","date_gmt":"2023-03-24T00:03:26","guid":{"rendered":"https:\/\/ami.mr\/fr\/?p=218819"},"modified":"2023-03-24T00:03:26","modified_gmt":"2023-03-24T00:03:26","slug":"le-ministre-de-la-sante-effectue-une-visite-au-centre-de-sante-salam-diam-a-dar-naim","status":"publish","type":"post","link":"https:\/\/ami.mr\/fr\/archives\/218819","title":{"rendered":"Le ministre de la Sant\u00e9 effectue une visite au centre de sant\u00e9 \u00ab Salam Diam \u00bb \u00e0 Dar Naim"},"content":{"rendered":"<div class=\"row\">\n<div class=\"cell auto-size bd-gray\" dir=\"ltr\"><\/div>\n<\/div>\n<div class=\"row\">\n<div class=\"cell auto-size\">\n<div class=\"set-border bd-gray padding10 margin10 no-margin-right no-margin-left \" dir=\"ltr\">\n<p>Le ministre de la Sant\u00e9, M. Mokhtar Ould Dahi, accompagn\u00e9 de l\u2019ambassadeur chef de la D\u00e9l\u00e9gation de l&#8217;Union Europ\u00e9enne dans notre pays, M. Guillem Jones, et du directeur g\u00e9n\u00e9ral de la Coop\u00e9ration Belge, M. Jean van Water, a effectu\u00e9 jeudi soir une visite au centre de sant\u00e9 &#8220;Salam Diam&#8221; \u00e0 Dar Naim, au cours de laquelle il a pass\u00e9 en revue le flux du travail, les services fournis par cet \u00e9tablissement, les chiffres qu&#8217;il r\u00e9alise dans le traitement de ses patients, ainsi que les lacunes qui caract\u00e9risent \u00e9ventuellement certains aspects du service pr\u00e9sent\u00e9.<\/p>\n<p>Il est \u00e0 noter que le centre \u00ab Salam Diam \u00bb cr\u00e9\u00e9 depuis 1989, est g\u00e9r\u00e9 par une organisation non gouvernementale titulaire d&#8217;une licence du d\u00e9partement de la sant\u00e9, et avec l&#8217;appui de quelques partenaires techniques et financiers.<\/p>\n<p>Dans son allocution pour la circonstance, le ministre a exprim\u00e9 la disponibilit\u00e9 du secteur de la sant\u00e9 \u00e0 davantage de contributions afin d&#8217;am\u00e9liorer les services rendus par ce centre, rappelant que le d\u00e9veloppement de l&#8217;offre de sant\u00e9 en tout lieu n\u00e9cessite les efforts concert\u00e9s des secteurs public, priv\u00e9 et caritatif ainsi que des ONGs. Il a remerci\u00e9 l\u2019association en charge de ce centre.<\/p>\n<p>Au cours de cette visite, le ministre \u00e9tait accompagn\u00e9 du conseiller technique en charge de l&#8217;Assurance maladie, du directeur g\u00e9n\u00e9ral de la Sant\u00e9 Publique, du directeur de la M\u00e9decine Hospitali\u00e8re, du Coordonnateur du Programme d&#8217;Appui au Secteur Sant\u00e9, de plusieurs collaborateurs de l\u2019ambassadeur chef de la D\u00e9l\u00e9gation de l&#8217;Union Europ\u00e9enne, et du directeur g\u00e9n\u00e9ral de la Coop\u00e9ration Belge.<\/p>\n<\/div>\n<\/div>\n<\/div>\n","protected":false},"excerpt":{"rendered":"<p>Le ministre de la Sant\u00e9, M. Mokhtar Ould Dahi, accompagn\u00e9 de l\u2019ambassadeur chef de la D\u00e9l\u00e9gation de l&#8217;Union Europ\u00e9enne dans notre pays, M. Guillem Jones, et du directeur g\u00e9n\u00e9ral de la Coop\u00e9ration Belge, M. Jean van Water, a effectu\u00e9 jeudi soir une visite au centre de sant\u00e9 &#8220;Salam Diam&#8221; \u00e0 Dar Naim, au cours de [&hellip;]<\/p>\n","protected":false},"author":8,"featured_media":218820,"comment_status":"open","ping_status":"open","sticky":false,"template":"","format":"standard","meta":{"footnotes":""},"categories":[63920,63957],"tags":[],"class_list":["post-218819","post","type-post","status-publish","format-standard","has-post-thumbnail","hentry","category-a-la-une","category-fil-dactualite"],"_links":{"self":[{"href":"https:\/\/ami.mr\/fr\/wp-json\/wp\/v2\/posts\/218819","targetHints":{"allow":["GET"]}}],"collection":[{"href":"https:\/\/ami.mr\/fr\/wp-json\/wp\/v2\/posts"}],"about":[{"href":"https:\/\/ami.mr\/fr\/wp-json\/wp\/v2\/types\/post"}],"author":[{"embeddable":true,"href":"https:\/\/ami.mr\/fr\/wp-json\/wp\/v2\/users\/8"}],"replies":[{"embeddable":true,"href":"https:\/\/ami.mr\/fr\/wp-json\/wp\/v2\/comments?post=218819"}],"version-history":[{"count":1,"href":"https:\/\/ami.mr\/fr\/wp-json\/wp\/v2\/posts\/218819\/revisions"}],"predecessor-version":[{"id":218821,"href":"https:\/\/ami.mr\/fr\/wp-json\/wp\/v2\/posts\/218819\/revisions\/218821"}],"wp:featuredmedia":[{"embeddable":true,"href":"https:\/\/ami.mr\/fr\/wp-json\/wp\/v2\/media\/218820"}],"wp:attachment":[{"href":"https:\/\/ami.mr\/fr\/wp-json\/wp\/v2\/media?parent=218819"}],"wp:term":[{"taxonomy":"category","embeddable":true,"href":"https:\/\/ami.mr\/fr\/wp-json\/wp\/v2\/categories?post=218819"},{"taxonomy":"post_tag","embeddable":true,"href":"https:\/\/ami.mr\/fr\/wp-json\/wp\/v2\/tags?post=218819"}],"curies":[{"name":"wp","href":"https:\/\/api.w.org\/{rel}","templated":true}]}}