{"id":218668,"date":"2023-03-21T16:31:23","date_gmt":"2023-03-21T16:31:23","guid":{"rendered":"https:\/\/ami.mr\/fr\/?p=218668"},"modified":"2023-03-21T16:31:23","modified_gmt":"2023-03-21T16:31:23","slug":"ministre-des-affaires-islamiques-le-concours-du-prix-du-president-pour-la-connaissance-des-ouvrages-mahdaris-une-garantie-pour-la-perennite-de-la-mahadra","status":"publish","type":"post","link":"https:\/\/ami.mr\/fr\/archives\/218668","title":{"rendered":"Ministre des Affaires islamiques: Le concours du Prix du pr\u00e9sident pour la connaissance des ouvrages mahdaris, une garantie pour la p\u00e9rennit\u00e9 de la mahadra"},"content":{"rendered":"<p>Le ministre des Affaires Islamiques et de l&#8217;Enseignement originel, M. Dah Ould Sidi Ould Amar Taleb, a d\u00e9clar\u00e9 que le concours pour le Prix du Pr\u00e9sident de la R\u00e9publique pour la connaissance et la m\u00e9morisation des ouvrages au programme dans les mahadras constitue un \u00e9v\u00e9nement historique, une r\u00e9ussite \u00e0 tous points de vue, et un outil pr\u00e9cis et cr\u00e9dible de d\u00e9couverte de talents.<\/p>\n<p>Il a ajout\u00e9, dans une allocution au cours de la c\u00e9r\u00e9monie de remise des prix de la troisi\u00e8me \u00e9dition de ce concours, mardi, au Centre international de conf\u00e9rences de Nouakchott, que l&#8217;organisation de cette comp\u00e9tition constitue une poursuite de l&#8217;h\u00e9ritage s\u00e9culaire de cette soci\u00e9t\u00e9 qui se traduit dans la mahadra qui a fa\u00e7onn\u00e9 ce peuple et dont elle est la r\u00e9f\u00e9rence religieuse et morale.<\/p>\n<p>Le ministre a indiqu\u00e9 que ce concours repr\u00e9sente par ailleurs une garantie pour la continuit\u00e9 et le rayonnement de la mahadra, en liant les \u00e9tudiants \u00e0 cette institution et \u00e0 ses sciences, et en les motivant \u00e0 exceller.<\/p>\n<p>Il a dit que ce prix a permis, Allah soit lou\u00e9, de d\u00e9couvrir de jeunes chercheurs d&#8217;une rare trempe, qui ont \u00e9t\u00e9 un appui pour l\u2019Association des Ul\u00e9mas, qui leur a ouvert les bras pour rencontrer les g\u00e9n\u00e9rations qui les ont pr\u00e9c\u00e9d\u00e9s, \u00e9changer et discuter avec eux \u00e9tudes des recherches.<\/p>\n<p>M. Dah Ould Sidi Ould Amar Taleb a soulign\u00e9 que le prix marque une position honorable de Son Excellence le Pr\u00e9sident de la R\u00e9publique, M. Mohamed Ould Cheikh El Ghazouani, en faveur des valeurs d\u2019identit\u00e9, de dignit\u00e9 laissant un h\u00e9ritage civilisationnel \u00e0 la nation, base de la survie et de p\u00e9rennit\u00e9 face aux temp\u00eates de d\u00e9sint\u00e9gration et aux grandes transformations des valeurs de cette \u00e9poque.<\/p>\n<p>Il a indiqu\u00e9 que la c\u00e9r\u00e9monie primant les laur\u00e9ats de la troisi\u00e8me \u00e9dition de ce prix co\u00efncide avec la c\u00e9l\u00e9bration de \u2018\u2019Nouakchott, capitale de la culture dans le monde islamique pour l&#8217;ann\u00e9e 2023\u2019\u2019, qui a \u00e9t\u00e9 d\u00e9clar\u00e9e par l&#8217;Organisation islamique pour l&#8217;\u00e9ducation, les sciences et la culture, la m\u00eame organisation qui a d\u00e9clar\u00e9 la mahadra un h\u00e9ritage islamique, unificateur, en reconnaissance de son r\u00f4le de pionnier en mati\u00e8re d\u2019apport scientifique et \u00e9ducatif \u00e0 la nation, par ses \u00e9clatantes r\u00e9alisations.<\/p>\n","protected":false},"excerpt":{"rendered":"<p>Le ministre des Affaires Islamiques et de l&#8217;Enseignement originel, M. Dah Ould Sidi Ould Amar Taleb, a d\u00e9clar\u00e9 que le concours pour le Prix du Pr\u00e9sident de la R\u00e9publique pour la connaissance et la m\u00e9morisation des ouvrages au programme dans les mahadras constitue un \u00e9v\u00e9nement historique, une r\u00e9ussite \u00e0 tous points de vue, et un [&hellip;]<\/p>\n","protected":false},"author":2,"featured_media":218669,"comment_status":"open","ping_status":"open","sticky":false,"template":"","format":"standard","meta":{"footnotes":""},"categories":[63920,104,63957,63924],"tags":[],"class_list":["post-218668","post","type-post","status-publish","format-standard","has-post-thumbnail","hentry","category-a-la-une","category-104","category-fil-dactualite","category-slider-culture"],"_links":{"self":[{"href":"https:\/\/ami.mr\/fr\/wp-json\/wp\/v2\/posts\/218668","targetHints":{"allow":["GET"]}}],"collection":[{"href":"https:\/\/ami.mr\/fr\/wp-json\/wp\/v2\/posts"}],"about":[{"href":"https:\/\/ami.mr\/fr\/wp-json\/wp\/v2\/types\/post"}],"author":[{"embeddable":true,"href":"https:\/\/ami.mr\/fr\/wp-json\/wp\/v2\/users\/2"}],"replies":[{"embeddable":true,"href":"https:\/\/ami.mr\/fr\/wp-json\/wp\/v2\/comments?post=218668"}],"version-history":[{"count":1,"href":"https:\/\/ami.mr\/fr\/wp-json\/wp\/v2\/posts\/218668\/revisions"}],"predecessor-version":[{"id":218670,"href":"https:\/\/ami.mr\/fr\/wp-json\/wp\/v2\/posts\/218668\/revisions\/218670"}],"wp:featuredmedia":[{"embeddable":true,"href":"https:\/\/ami.mr\/fr\/wp-json\/wp\/v2\/media\/218669"}],"wp:attachment":[{"href":"https:\/\/ami.mr\/fr\/wp-json\/wp\/v2\/media?parent=218668"}],"wp:term":[{"taxonomy":"category","embeddable":true,"href":"https:\/\/ami.mr\/fr\/wp-json\/wp\/v2\/categories?post=218668"},{"taxonomy":"post_tag","embeddable":true,"href":"https:\/\/ami.mr\/fr\/wp-json\/wp\/v2\/tags?post=218668"}],"curies":[{"name":"wp","href":"https:\/\/api.w.org\/{rel}","templated":true}]}}