{"id":218281,"date":"2023-03-16T11:22:56","date_gmt":"2023-03-16T11:22:56","guid":{"rendered":"https:\/\/ami.mr\/fr\/?p=218281"},"modified":"2023-03-16T12:52:12","modified_gmt":"2023-03-16T12:52:12","slug":"lancement-du-programme-multi-zones-dappui-aux-communautes-agricoles","status":"publish","type":"post","link":"https:\/\/ami.mr\/fr\/archives\/218281","title":{"rendered":"Lancement du Programme multi-zones d\u2019appui aux communaut\u00e9s agricoles"},"content":{"rendered":"<p>Le ministre de l\u2019\u00c9levage, M. Mohamed Ould Abdallahi Ould Ethmane, a supervis\u00e9, mercredi, dans la commune de de Sava relevant de la moughataa de Tamchekett, le lancement du projet<\/p>\n<p>SECURALIM, au profit de 7 zones du pays et financ\u00e9 par l&#8217;Union europ\u00e9enne avec une couverture financi\u00e8re de 12 millions d&#8217;euros (\u00e9quivalent \u00e0 460 millions MRU) \u00e0 travers le Fonds europ\u00e9en de d\u00e9veloppement \u00e9conomique et mis en \u0153uvre par l&#8217;Agence belge pour le D\u00e9veloppement (ENABEL).<\/p>\n<p>Ce projet, dont le lancement s&#8217;est d\u00e9roul\u00e9 en pr\u00e9sence de M. Ahmed Salem Ould El Arbi, secr\u00e9taire g\u00e9n\u00e9ral du minist\u00e8re de l&#8217;Agriculture, et SEM Gwilym Jones, ambassadeur de l&#8217;Union Europ\u00e9enne en Mauritanie, vise \u00e0 stimuler la production alimentaire et soutenir des syst\u00e8mes alimentaires r\u00e9silients au profit des communaut\u00e9s agropastorales rurales vuln\u00e9rables dans 7 r\u00e9gions du pays.<\/p>\n<p>Par ailleurs, dans la moughataa de Guerou, en Assaba, le ministre de l\u2019\u00c9levage, le secr\u00e9taire g\u00e9n\u00e9ral du minist\u00e8re de l&#8217;Agriculture et l&#8217;ambassadeur de l&#8217;Union Europ\u00e9enne, ont visit\u00e9 des fermes pilotes o\u00f9 ils ont pu se rendre compte des syst\u00e8mes de production et des obstacles auxquels font face les producteurs, particuli\u00e8rement au niveau des fili\u00e8res maraich\u00e8res et du fourrag\u00e8res.<\/p>\n<p>Les responsables de ces fermes ont fourni des explications \u00e0 la d\u00e9l\u00e9gation et pr\u00e9sent\u00e9 certains des produits agricoles destin\u00e9s aux march\u00e9s de Nouakchott et de certaines villes de l&#8217;int\u00e9rieur, dans le cadre d\u2019une op\u00e9ration qu&#8217;ils ont appel\u00e9 &#8220;Ramadan au go\u00fbt de nos fermes&#8221;<\/p>\n","protected":false},"excerpt":{"rendered":"<p>Le ministre de l\u2019\u00c9levage, M. Mohamed Ould Abdallahi Ould Ethmane, a supervis\u00e9, mercredi, dans la commune de de Sava relevant de la moughataa de Tamchekett, le lancement du projet SECURALIM, au profit de 7 zones du pays et financ\u00e9 par l&#8217;Union europ\u00e9enne avec une couverture financi\u00e8re de 12 millions d&#8217;euros (\u00e9quivalent \u00e0 460 millions MRU) [&hellip;]<\/p>\n","protected":false},"author":10,"featured_media":218282,"comment_status":"open","ping_status":"open","sticky":false,"template":"","format":"standard","meta":{"footnotes":""},"categories":[63920,63957,63923,8672],"tags":[],"class_list":["post-218281","post","type-post","status-publish","format-standard","has-post-thumbnail","hentry","category-a-la-une","category-fil-dactualite","category-slider-wilayas","category-8672"],"_links":{"self":[{"href":"https:\/\/ami.mr\/fr\/wp-json\/wp\/v2\/posts\/218281","targetHints":{"allow":["GET"]}}],"collection":[{"href":"https:\/\/ami.mr\/fr\/wp-json\/wp\/v2\/posts"}],"about":[{"href":"https:\/\/ami.mr\/fr\/wp-json\/wp\/v2\/types\/post"}],"author":[{"embeddable":true,"href":"https:\/\/ami.mr\/fr\/wp-json\/wp\/v2\/users\/10"}],"replies":[{"embeddable":true,"href":"https:\/\/ami.mr\/fr\/wp-json\/wp\/v2\/comments?post=218281"}],"version-history":[{"count":1,"href":"https:\/\/ami.mr\/fr\/wp-json\/wp\/v2\/posts\/218281\/revisions"}],"predecessor-version":[{"id":218283,"href":"https:\/\/ami.mr\/fr\/wp-json\/wp\/v2\/posts\/218281\/revisions\/218283"}],"wp:featuredmedia":[{"embeddable":true,"href":"https:\/\/ami.mr\/fr\/wp-json\/wp\/v2\/media\/218282"}],"wp:attachment":[{"href":"https:\/\/ami.mr\/fr\/wp-json\/wp\/v2\/media?parent=218281"}],"wp:term":[{"taxonomy":"category","embeddable":true,"href":"https:\/\/ami.mr\/fr\/wp-json\/wp\/v2\/categories?post=218281"},{"taxonomy":"post_tag","embeddable":true,"href":"https:\/\/ami.mr\/fr\/wp-json\/wp\/v2\/tags?post=218281"}],"curies":[{"name":"wp","href":"https:\/\/api.w.org\/{rel}","templated":true}]}}