{"id":218220,"date":"2023-03-15T14:47:11","date_gmt":"2023-03-15T14:47:11","guid":{"rendered":"https:\/\/ami.mr\/fr\/?p=218220"},"modified":"2023-03-15T14:47:11","modified_gmt":"2023-03-15T14:47:11","slug":"premier-ministre-la-croissance-de-leconomie-mauritanienne-ces-dernieres-annees-ouvre-des-horizons-prometteurs","status":"publish","type":"post","link":"https:\/\/ami.mr\/fr\/archives\/218220","title":{"rendered":"Premier ministre: La croissance de l&#8217;\u00e9conomie mauritanienne ces derni\u00e8res ann\u00e9es ouvre des horizons prometteurs"},"content":{"rendered":"<p><strong>Le Premier ministre, M. Mohamed Ould Bilal Messoud,<\/strong> a affirm\u00e9 que la tenue du Forum d&#8217;Investissement de Mauritanie et l&#8217;Organisation de la Coop\u00e9ration Islamique (OCI) constituent une occasion pr\u00e9cieuse de communication directe entre les diff\u00e9rents acteurs dans le domaine de l\u2019investissement.<\/p>\n<p>Il a ajout\u00e9, lors de sa supervision de l&#8217;ouverture du forum, que celui-ci permettrait de passer en revue les opportunit\u00e9s d&#8217;investissement en Mauritanie et de stimuler les relations \u00e9conomiques entre notre pays et les autres membres de l&#8217;OCI.<\/p>\n<p>Voici le texte de ce discours :<\/p>\n<p><span style=\"color: #0000ff;\">&#8220;Excellence, Monsieur le Secr\u00e9taire G\u00e9n\u00e9ral de l&#8217;Organisation de la Coop\u00e9ration Islamique ;<\/span><\/p>\n<p><span style=\"color: #0000ff;\">Honorables Ministres ;<\/span><\/p>\n<p><span style=\"color: #0000ff;\">Mesdames et Messieurs ;<\/span><\/p>\n<p><span style=\"color: #0000ff;\">Excellences, les repr\u00e9sentants du corps diplomatique accr\u00e9dit\u00e9s dans notre pays ;<\/span><\/p>\n<p><span style=\"color: #0000ff;\">Monsieur le Repr\u00e9sentant R\u00e9sident du Programme des Nations Unies pour le D\u00e9veloppement ;<\/span><\/p>\n<p><span style=\"color: #0000ff;\">Mesdames et Messieurs, les repr\u00e9sentants des organisations internationales et des partenaires techniques et financiers ;<\/span><\/p>\n<p><span style=\"color: #0000ff;\">Messieurs et Mesdames les repr\u00e9sentants du secteur priv\u00e9 ;<\/span><\/p>\n<p><span style=\"color: #0000ff;\">Madame la Directrice G\u00e9n\u00e9rale du Centre Islamique pour le D\u00e9veloppement du Commerce ;<\/span><\/p>\n<p><span style=\"color: #0000ff;\">Messieurs et Mesdames, distingu\u00e9s invit\u00e9s ;<\/span><\/p>\n<p>C&#8217;est avec grand plaisir que je vous accueille aujourd&#8217;hui \u00e0 Nouakchott, Capitale de la Culture du Monde Islamique pour l&#8217;ann\u00e9e 2023 dans ce forum organis\u00e9 par le Centre Islamique pour le D\u00e9veloppement du Commerce et le gouvernement mauritanien repr\u00e9sent\u00e9 par l&#8217;Agence de Promotion des Investissements en Mauritanie (APIM).<\/p>\n<p>Nous sommes reconnaissants \u00e0 l&#8217;Organisation de la coop\u00e9ration islamique, et en particulier au Centre islamique pour le d\u00e9veloppement du commerce, d&#8217;avoir choisi notre pays pour abriter cet important forum, qui permettra de passer en revue les opportunit\u00e9s d&#8217;investissement en Mauritanie et de promouvoir les relations \u00e9conomiques entre elle et les pays de l&#8217;OCI.<\/p>\n<p>C\u2019est aussi une pr\u00e9cieuse opportunit\u00e9 de communication directe entre les diff\u00e9rents investisseurs des secteurs public et priv\u00e9.<\/p>\n<p>C\u2019est pourquoi je ne peux manquer ici de profiter de cette occasion pour rappeler que notre pays a enregistr\u00e9 ces derni\u00e8res ann\u00e9es, une am\u00e9lioration significative de sa situation \u00e9conomique parall\u00e8lement \u00e0 l&#8217;atmosph\u00e8re de stabilit\u00e9 politique et s\u00e9curitaire dont il jouit, dans le cadre de la politique rationnelle de Son Excellence le Pr\u00e9sident de la R\u00e9publique, M. Mohamed Ould Cheikh El Ghazouani.<\/p>\n<p>C\u2019est ainsi que le taux de croissance moyenne en 2022 a atteint 5,3% alors que les pr\u00e9visions l\u2019estimaient \u00e0 4,3% cette ann\u00e9e, ce qui montre bien la r\u00e9silience de notre \u00e9conomie et l&#8217;efficacit\u00e9 des politiques \u00e9conomiques adopt\u00e9es au cours des derni\u00e8res ann\u00e9es, et r\u00e9v\u00e8le, en m\u00eame temps, des perspectives prometteuses et des opportunit\u00e9s croissantes d&#8217;investissement dans notre pays.<\/p>\n<p><span style=\"color: #0000ff;\">Messieurs, Mesdames ;<\/span><\/p>\n<p>Preuve de l&#8217;importance que le gouvernement attache \u00e0 l&#8217;attrait et \u00e0 la promotion des investissements directs nationaux et \u00e9trangers, un Conseil sup\u00e9rieur de l&#8217;investissement, pr\u00e9sid\u00e9 par Son Excellence le Pr\u00e9sident de la R\u00e9publique, a \u00e9t\u00e9 cr\u00e9\u00e9 avec pour mission de mettre en place des cadres r\u00e9glementaires et institutionnels et des r\u00e9formes visant \u00e0 am\u00e9liorer le climat des affaires dans notre pays et la comp\u00e9titivit\u00e9 de l&#8217;\u00e9conomie.<\/p>\n<p>Ce conseil comprend, outre les d\u00e9partements minist\u00e9riels concern\u00e9s, des repr\u00e9sentants du secteur priv\u00e9 national, des chefs de certaines entreprises \u00e9trang\u00e8res investissant dans le pays, ainsi que des repr\u00e9sentants d&#8217;organisations professionnelles sp\u00e9cialis\u00e9es dans la promotion des investissements et quelques personnalit\u00e9s de r\u00e9f\u00e9rence internationale dans le monde des affaires.<\/p>\n<p><span style=\"color: #0000ff;\">Mesdames, Messieurs,<\/span><\/p>\n<p>Si le secteur public joue un r\u00f4le primordial dans les pays de l\u2019Organisation de la Conf\u00e9rence Islamique, en particulier ceux d\u2019Afrique, nous estimons n\u00e9anmoins que le secteur priv\u00e9 reste le moteur du d\u00e9veloppement et le principal levier de l&#8217;acc\u00e9l\u00e9ration de la diversification \u00e9conomique.<\/p>\n<p>\u00c0 cet \u00e9gard, et afin de renforcer le partenariat entre les secteurs public et priv\u00e9, notre pays a mis en place un syst\u00e8me juridique et institutionnel avanc\u00e9 et int\u00e9gr\u00e9 dans ce domaine afin de lib\u00e9rer les \u00e9nergies des deux secteurs, de stimuler et de combiner leurs efforts au service du d\u00e9veloppement du pays.<\/p>\n<p>Le gouvernement, en proc\u00e9dant \u00e0 des r\u00e9formes radicales du code des march\u00e9s publics dans le but de les simplifier et d\u2019acc\u00e9l\u00e9rer leur rythme, et en actualisant les strat\u00e9gies d\u2019accompagnement telles que le Code des investissements, la Strat\u00e9gie nationale de lutte contre la corruption et la loi portant cr\u00e9ation de la zone franche de Nouadhibou, cherche \u00e0 am\u00e9liorer le climat des affaires pour le rendre plus attractif pour les investisseurs et conforme \u00e0 leurs aspirations.<\/p>\n<p>A cet effet, nous appelons tous les investisseurs, en particulier ceux des pays de l\u2019OCI, \u00e0 profiter des opportunit\u00e9s d\u2019investissement offertes par notre pays, en particulier dans les domaines prioritaires tels que l\u2019agriculture, l\u2019\u00e9levage, la p\u00eache, l\u2019\u00e9nergie, les industries de transformation, les services de sant\u00e9, l\u2019\u00e9ducation, le tourisme, le commerce et autres.<\/p>\n<p>Nous comptons sur votre forum pour constituer une v\u00e9ritable plateforme pour pr\u00e9senter aux investisseurs de vos pays les opportunit\u00e9s de la Mauritanie, d\u2019\u00e9tablir des partenariats \u00e9conomiques et commerciaux avantageux aux \u00c9tats membres de l\u2019Organisation, d\u2019encourager les investissements communs entre les \u00e9conomies islamiques afin de parvenir \u00e0 une int\u00e9gration r\u00e9gionale plus forte. et \u00e9changer des exp\u00e9riences et discuter des possibilit\u00e9s de financer des projets structurants, qui permettront d\u2019augmenter le volume du commerce intra-OCI au service de la prosp\u00e9rit\u00e9 de nos peuples.<\/p>\n<p>En conclusion, et tout en vous renouvelant la bienvenue dans votre deuxi\u00e8me pays, je d\u00e9clare ouvert le Forum d\u2019investissement de la Mauritanie et de l\u2019OCI, et vous souhaite un agr\u00e9able s\u00e9jour et plein succ\u00e8s \u00e0 vos travaux.<\/p>\n<p>Je vous remercie&#8221;.<\/p>\n","protected":false},"excerpt":{"rendered":"<p>Le Premier ministre, M. Mohamed Ould Bilal Messoud, a affirm\u00e9 que la tenue du Forum d&#8217;Investissement de Mauritanie et l&#8217;Organisation de la Coop\u00e9ration Islamique (OCI) constituent une occasion pr\u00e9cieuse de communication directe entre les diff\u00e9rents acteurs dans le domaine de l\u2019investissement. Il a ajout\u00e9, lors de sa supervision de l&#8217;ouverture du forum, que celui-ci permettrait [&hellip;]<\/p>\n","protected":false},"author":2,"featured_media":218221,"comment_status":"open","ping_status":"open","sticky":false,"template":"","format":"standard","meta":{"footnotes":""},"categories":[63919,9,63957,63921,63922],"tags":[],"class_list":["post-218220","post","type-post","status-publish","format-standard","has-post-thumbnail","hentry","category-choix-du-redacteur","category-9","category-fil-dactualite","category-slider-afficher","category-slider-economie"],"_links":{"self":[{"href":"https:\/\/ami.mr\/fr\/wp-json\/wp\/v2\/posts\/218220","targetHints":{"allow":["GET"]}}],"collection":[{"href":"https:\/\/ami.mr\/fr\/wp-json\/wp\/v2\/posts"}],"about":[{"href":"https:\/\/ami.mr\/fr\/wp-json\/wp\/v2\/types\/post"}],"author":[{"embeddable":true,"href":"https:\/\/ami.mr\/fr\/wp-json\/wp\/v2\/users\/2"}],"replies":[{"embeddable":true,"href":"https:\/\/ami.mr\/fr\/wp-json\/wp\/v2\/comments?post=218220"}],"version-history":[{"count":1,"href":"https:\/\/ami.mr\/fr\/wp-json\/wp\/v2\/posts\/218220\/revisions"}],"predecessor-version":[{"id":218222,"href":"https:\/\/ami.mr\/fr\/wp-json\/wp\/v2\/posts\/218220\/revisions\/218222"}],"wp:featuredmedia":[{"embeddable":true,"href":"https:\/\/ami.mr\/fr\/wp-json\/wp\/v2\/media\/218221"}],"wp:attachment":[{"href":"https:\/\/ami.mr\/fr\/wp-json\/wp\/v2\/media?parent=218220"}],"wp:term":[{"taxonomy":"category","embeddable":true,"href":"https:\/\/ami.mr\/fr\/wp-json\/wp\/v2\/categories?post=218220"},{"taxonomy":"post_tag","embeddable":true,"href":"https:\/\/ami.mr\/fr\/wp-json\/wp\/v2\/tags?post=218220"}],"curies":[{"name":"wp","href":"https:\/\/api.w.org\/{rel}","templated":true}]}}