{"id":218184,"date":"2023-03-14T19:35:04","date_gmt":"2023-03-14T19:35:04","guid":{"rendered":"https:\/\/ami.mr\/fr\/?p=218184"},"modified":"2023-03-14T19:35:04","modified_gmt":"2023-03-14T19:35:04","slug":"conference-de-la-hapa-sur-la-digitalisation-et-la-promotion-de-la-femme-mauritanienne","status":"publish","type":"post","link":"https:\/\/ami.mr\/fr\/archives\/218184","title":{"rendered":"Conf\u00e9rence de la HAPA sur la digitalisation et la promotion de la femme mauritanienne"},"content":{"rendered":"<p>La Haute Autorit\u00e9 de la Presse et de l&#8217;Audiovisuel (HAPA) a organis\u00e9 mardi, \u00e0 l&#8217;h\u00f4tel Mauri- Center de Nouakchott, une conf\u00e9rence sur le th\u00e8me \u00ab la digitalisation et la promotion de la femme mauritanienne \u00bb.<\/p>\n<p>La rencontre s&#8217;inscrit dans le cadre d&#8217;une s\u00e9rie de conf\u00e9rences anim\u00e9es par la HAPA, dans le but de promouvoir et d&#8217;autonomiser les femmes dans de nombreux domaines.<\/p>\n<p>Cette conf\u00e9rence intervient plus particuli\u00e8rement dans le cadre des manifestations mondiales comm\u00e9morant la Journ\u00e9e internationale de la femme, a affirm\u00e9 \u00e0 cette occasion, le pr\u00e9sident de la HAPA, M. El Housseine Ould Meddou, selon lequel, la digitalisation est consid\u00e9r\u00e9e comme une nouvelle conqu\u00eate ouverte aux femmes afin d&#8217;en tirer profit en mati\u00e8re de promotion, notamment de leurs droits ainsi que pour pr\u00e9senter leur image non d\u00e9form\u00e9e en tant qu&#8217;acteur efficace et vecteur de d\u00e9veloppement et de production.<\/p>\n<p>La conf\u00e9rence a commenc\u00e9 par un discours descriptif sur le th\u00e8me en arabe, en fran\u00e7ais et dans les langues nationales, pr\u00e9sent\u00e9 par les deux membres de la HAPA Mme Hawa Mint Meiloud et Mme Halima Diagana, suivi d&#8217;une intervention faite par la d\u00e9put\u00e9e Fatimetou Mint Mohamed Moustapha sur la digitalisation et la participation politique de la femme.<\/p>\n<p>Mme Lalla Aicha Mederkou a fait, quant \u00e0 elle, un expos\u00e9 sur la digitalisation et la promotion f\u00e9minine.<\/p>\n<p>La cl\u00f4ture de la manifestation a \u00e9t\u00e9 marqu\u00e9e par des discussions et des recommandations ax\u00e9es dans leur int\u00e9gralit\u00e9 sur l&#8217;utilisation de la digitalisation pour renforcer le r\u00f4le des femmes mauritaniennes.<\/p>\n","protected":false},"excerpt":{"rendered":"<p>La Haute Autorit\u00e9 de la Presse et de l&#8217;Audiovisuel (HAPA) a organis\u00e9 mardi, \u00e0 l&#8217;h\u00f4tel Mauri- Center de Nouakchott, une conf\u00e9rence sur le th\u00e8me \u00ab la digitalisation et la promotion de la femme mauritanienne \u00bb. La rencontre s&#8217;inscrit dans le cadre d&#8217;une s\u00e9rie de conf\u00e9rences anim\u00e9es par la HAPA, dans le but de promouvoir et [&hellip;]<\/p>\n","protected":false},"author":13,"featured_media":218187,"comment_status":"open","ping_status":"open","sticky":false,"template":"","format":"standard","meta":{"footnotes":""},"categories":[63918,63919,63957,63924],"tags":[],"class_list":["post-218184","post","type-post","status-publish","format-standard","has-post-thumbnail","hentry","category-autres","category-choix-du-redacteur","category-fil-dactualite","category-slider-culture"],"_links":{"self":[{"href":"https:\/\/ami.mr\/fr\/wp-json\/wp\/v2\/posts\/218184","targetHints":{"allow":["GET"]}}],"collection":[{"href":"https:\/\/ami.mr\/fr\/wp-json\/wp\/v2\/posts"}],"about":[{"href":"https:\/\/ami.mr\/fr\/wp-json\/wp\/v2\/types\/post"}],"author":[{"embeddable":true,"href":"https:\/\/ami.mr\/fr\/wp-json\/wp\/v2\/users\/13"}],"replies":[{"embeddable":true,"href":"https:\/\/ami.mr\/fr\/wp-json\/wp\/v2\/comments?post=218184"}],"version-history":[{"count":1,"href":"https:\/\/ami.mr\/fr\/wp-json\/wp\/v2\/posts\/218184\/revisions"}],"predecessor-version":[{"id":218188,"href":"https:\/\/ami.mr\/fr\/wp-json\/wp\/v2\/posts\/218184\/revisions\/218188"}],"wp:featuredmedia":[{"embeddable":true,"href":"https:\/\/ami.mr\/fr\/wp-json\/wp\/v2\/media\/218187"}],"wp:attachment":[{"href":"https:\/\/ami.mr\/fr\/wp-json\/wp\/v2\/media?parent=218184"}],"wp:term":[{"taxonomy":"category","embeddable":true,"href":"https:\/\/ami.mr\/fr\/wp-json\/wp\/v2\/categories?post=218184"},{"taxonomy":"post_tag","embeddable":true,"href":"https:\/\/ami.mr\/fr\/wp-json\/wp\/v2\/tags?post=218184"}],"curies":[{"name":"wp","href":"https:\/\/api.w.org\/{rel}","templated":true}]}}